{"id":9498,"date":"2024-07-05T11:29:35","date_gmt":"2024-07-05T09:29:35","guid":{"rendered":"http:\/\/www.snepfsu-aix.net\/aix\/?p=9498"},"modified":"2024-07-05T11:30:23","modified_gmt":"2024-07-05T09:30:23","slug":"9498-2","status":"publish","type":"post","link":"https:\/\/www.snepfsu-aix.net\/aix\/9498-2\/","title":{"rendered":""},"content":{"rendered":"\n<table role=\"presentation\" border=\"0\" width=\"100%\" cellspacing=\"0\" cellpadding=\"0\">\n<tbody>\n<tr>\n<td class=\"m_2504965877907589580r18-c\" align=\"left\">\n<table class=\"m_2504965877907589580r13-o\" role=\"presentation\" border=\"0\" width=\"100%\" cellspacing=\"0\" cellpadding=\"0\">\n<tbody>\n<tr>\n<td class=\"m_2504965877907589580r19-i m_2504965877907589580nl2go-default-textstyle\" align=\"center\" valign=\"top\">\n<div>\n<h2 class=\"m_2504965877907589580default-heading2\">7 juillet, 2<sup>\u00e8me<\/sup>\u00a0tour des \u00e9lections l\u00e9gislatives :<br \/>Le SNEP-FSU appelle \u00e0 faire barrage au RN !!\u00a0<\/h2>\n<\/div>\n<\/td>\n<\/tr>\n<\/tbody>\n<\/table>\n<\/td>\n<\/tr>\n<tr>\n<td class=\"m_2504965877907589580r20-c m_2504965877907589580nl2go-default-textstyle\" align=\"left\">\n<div>\n<p style=\"text-align: left;\">Cher-e coll\u00e8gue,<\/p>\n<p style=\"text-align: left;\">\u00a0<\/p>\n<p style=\"text-align: left;\">Les r\u00e9sultats du 1er tour des l\u00e9gislatives marquent un moment historique. En arrivant premier, le RN pourrait le 7 juillet disposer d\u2019une majorit\u00e9 absolue et acc\u00e9der au pouvoir. Le RN n\u2019est pas un parti comme les autres car il porte dans son ADN, le racisme, la x\u00e9nophobie, l\u2019intol\u00e9rance, le s\u00e9paratisme et l\u2019autoritarisme. Son accession au pouvoir serait un danger pour notre d\u00e9mocratie, d\u00e9j\u00e0 affaiblie, et notre mod\u00e8le social. Son programme qui porte la pr\u00e9f\u00e9rence nationale ferait courir un grave danger \u00e0 nombre de personnes, en premier lieu les\u00a0<a href=\"http:\/\/migrant.es\/\" target=\"_blank\" rel=\"noopener\" data-saferedirecturl=\"https:\/\/www.google.com\/url?q=http:\/\/migrant.es&amp;source=gmail&amp;ust=1720258013603000&amp;usg=AOvVaw0JpTzVq9BzsrdxCeQfnsRQ\">migrant.es<\/a>, les citoyen.nes\u00a0<a href=\"http:\/\/issu.es\/\" target=\"_blank\" rel=\"noopener\" data-saferedirecturl=\"https:\/\/www.google.com\/url?q=http:\/\/issu.es&amp;source=gmail&amp;ust=1720258013603000&amp;usg=AOvVaw0XOzzgN_sq5v9hdP6CTpTD\">issu.es<\/a>\u00a0de l\u2019immigration, les LGBTQIA+, les diverses minorit\u00e9s\u2026 L\u2019\u00e9galit\u00e9 femmes\/hommes, les droits des femmes, l\u2019\u00e9cologie, la fonction publique et ses agents\u2026 seraient mis \u00e0 mal. L\u2019\u00e9cole publique comme lieu d\u2019\u00e9mancipation et de culture serait attaqu\u00e9e, une partie de nos \u00e9l\u00e8ves et de nos coll\u00e8gues seraient cibl\u00e9s pour ce qu\u2019ils repr\u00e9sentent. Les subventions aux associations de jeunesse et de sport pourraient \u00eatre supprim\u00e9es.<\/p>\n<p style=\"text-align: left;\">\u00a0<\/p>\n<p style=\"text-align: left;\">A celles et ceux qui se questionnent d\u2019essayer le RN, les collectivit\u00e9s territoriales g\u00e9r\u00e9es par le RN attestent concr\u00e8tement de la nocivit\u00e9 de leur politique.<\/p>\n<p style=\"text-align: left;\">\u00a0<\/p>\n<p style=\"text-align: left;\">Rien n\u2019est in\u00e9luctable, la mobilisation citoyenne peut d\u00e9jouer ce triste et dangereux sc\u00e9nario. C\u2019est pourquoi le SNEP avec la FSU vous appelle \u00e0 faire barrage au RN en votant et en faisant massivement voter le 7 juillet. Nombre de candidatures ont \u00e9t\u00e9 retir\u00e9es par le Nouveau Front Populaire, mais aussi d\u2019autres partis ou personnalit\u00e9s politiques. D\u2019autres font le choix du \u00ab Ni-Ni \u00bb alors que le RN est aux portes du pouvoir. En fonction des situations locales, nous appelons \u00e0 voter pour le, la candidat.e la mieux plac\u00e9.e pour battre le RN, m\u00eame si cette candidature est celle d\u2019un parti dont nous combattons et combattrons le projet et la politique.\u00a0<\/p>\n<p style=\"text-align: left;\">\u00a0<\/p>\n<p style=\"text-align: left;\">Pour envisager des perspectives positives de transformations sociales, nous devons emp\u00eacher l\u2019arriv\u00e9e du plus grand nombre de d\u00e9put\u00e9.es RN \u00e0 l\u2019Assembl\u00e9e nationale et permettre l\u2019\u00e9lection d\u2019un maximum de\u00a0<a href=\"http:\/\/candidat.es\/\" target=\"_blank\" rel=\"noopener\" data-saferedirecturl=\"https:\/\/www.google.com\/url?q=http:\/\/candidat.es&amp;source=gmail&amp;ust=1720258013603000&amp;usg=AOvVaw27ZQXeoCa_eWZ-A7_efoMI\">candidat.es<\/a>\u00a0qui portent le programme du Nouveau Front Populaire. Alors le 7 juillet, ensemble, faisons front d\u00e9mocratique contre l\u2019Extr\u00eame Droite, barrons-lui la route du pouvoir !<\/p>\n<p style=\"text-align: left;\">\u00a0<\/p>\n<p style=\"text-align: left;\">Le secr\u00e9tariat national<\/p>\n<\/div>\n<\/td>\n<\/tr>\n<\/tbody>\n<\/table>\n","protected":false},"excerpt":{"rendered":"<p>7 juillet, 2\u00e8me\u00a0tour des \u00e9lections l\u00e9gislatives :Le SNEP-FSU appelle \u00e0 faire barrage au RN !!\u00a0 Cher-e coll\u00e8gue, \u00a0 Les r\u00e9sultats<\/p>\n","protected":false},"author":2,"featured_media":0,"comment_status":"closed","ping_status":"open","sticky":false,"template":"","format":"standard","meta":{"footnotes":""},"categories":[1],"tags":[],"class_list":["post-9498","post","type-post","status-publish","format-standard","hentry","category-non-classe"],"_links":{"self":[{"href":"https:\/\/www.snepfsu-aix.net\/aix\/wp-json\/wp\/v2\/posts\/9498","targetHints":{"allow":["GET"]}}],"collection":[{"href":"https:\/\/www.snepfsu-aix.net\/aix\/wp-json\/wp\/v2\/posts"}],"about":[{"href":"https:\/\/www.snepfsu-aix.net\/aix\/wp-json\/wp\/v2\/types\/post"}],"author":[{"embeddable":true,"href":"https:\/\/www.snepfsu-aix.net\/aix\/wp-json\/wp\/v2\/users\/2"}],"replies":[{"embeddable":true,"href":"https:\/\/www.snepfsu-aix.net\/aix\/wp-json\/wp\/v2\/comments?post=9498"}],"version-history":[{"count":2,"href":"https:\/\/www.snepfsu-aix.net\/aix\/wp-json\/wp\/v2\/posts\/9498\/revisions"}],"predecessor-version":[{"id":9500,"href":"https:\/\/www.snepfsu-aix.net\/aix\/wp-json\/wp\/v2\/posts\/9498\/revisions\/9500"}],"wp:attachment":[{"href":"https:\/\/www.snepfsu-aix.net\/aix\/wp-json\/wp\/v2\/media?parent=9498"}],"wp:term":[{"taxonomy":"category","embeddable":true,"href":"https:\/\/www.snepfsu-aix.net\/aix\/wp-json\/wp\/v2\/categories?post=9498"},{"taxonomy":"post_tag","embeddable":true,"href":"https:\/\/www.snepfsu-aix.net\/aix\/wp-json\/wp\/v2\/tags?post=9498"}],"curies":[{"name":"wp","href":"https:\/\/api.w.org\/{rel}","templated":true}]}}