{"id":9670,"date":"2024-10-10T16:59:45","date_gmt":"2024-10-10T14:59:45","guid":{"rendered":"http:\/\/www.snepfsu-aix.net\/aix\/?p=9670"},"modified":"2024-10-10T17:22:35","modified_gmt":"2024-10-10T15:22:35","slug":"stage-non-titulaires","status":"publish","type":"post","link":"http:\/\/www.snepfsu-aix.net\/aix\/stage-non-titulaires\/","title":{"rendered":"Stage NON TITULAIRES"},"content":{"rendered":"\n<div class=\"p-like-f mt-30 crayon article-chapo-3269 \">\n<p><img loading=\"lazy\" decoding=\"async\" class=\"alignleft\" src=\"http:\/\/www.snepfsu-aix.net\/aix\/wp-content\/uploads\/2024\/10\/stage-non-tit.jpg\" alt=\"\" width=\"276\" height=\"146\" \/>Pour les non titulaires du second degr\u00e9, enseignants, Prof d&rsquo;EPS, Psy-En ou CPE, cette ann\u00e9e encore, la rentr\u00e9e constitue un \u00e9prouvant parcours d\u2019obstacles.<\/p>\n<\/div>\n<div class=\"wysiwyg-wp crayon article-texte-3269 \">\n<p><strong>La loi de transformation de la fonction publique conjugu\u00e9e aux restrictions budg\u00e9taires du budget de l\u2019\u00e9ducation nationales pr\u00e9vues par le gouvernement, ainsi que les r\u00e9formes successives dans le second degr\u00e9, conduisent \u00e0 une p\u00e9nibilit\u00e9 accrue pour tous les personnels, mais plus encore pour les non titulaires, dans notre acad\u00e9mie comme sur tout le territoire national.<\/strong><br class=\"autobr\" \/><strong><br class=\"autobr\" \/>Des conditions de travail\u00a0d\u00e9grad\u00e9es<\/strong><br class=\"autobr\" \/>Les choix politiques et financiers du gouvernement Macron impactent lourdement les personnels contractuels, d\u00e9gradant toujours plus les conditions d\u2019emploi tant au niveau des affectations, que du plein versement des r\u00e9mun\u00e9rations, et les confrontent \u00e0 des pressions diverses pour imposer le recrutement sur zone de remplacement, les Devoirs faits, les Pactes, compromettant l\u2019acc\u00e8s au CDI et plus grave encore, la pr\u00e9paration et r\u00e9ussite des concours qui seuls permettent de sortir enfin de la pr\u00e9carit\u00e9.<\/p>\n<p><strong>Le SNES-FSU et SNEP-FSU Aix-Marseille aux c\u00f4t\u00e9s des non titulaires<\/strong><br class=\"autobr\" \/>Consid\u00e9r\u00e9s comme des variables d\u2019ajustements, les agents contractuels sont de plus en plus fr\u00e9quemment g\u00e9r\u00e9s sans respect de leurs droits, malgr\u00e9 les acquis des luttes des syndicats de la FSU qui ont permis, de 2016 \u00e0 2022 de s\u00e9curiser leur emploi, par les r\u00e9\u00e9critures de lois, d\u00e9crets, arr\u00eat\u00e9s et circulaires.<br class=\"autobr\" \/>Ce stage, qui se d\u00e9roulera au SNES\/SNEP, 12 place du g\u00e9n\u00e9ral de Gaulle, 13001 Marseille, vous permettra d\u2019obtenir des informations pr\u00e9cises sur vos droits, des r\u00e9ponses sur votre situation individuelle, ainsi que sur les possibilit\u00e9s d\u2019acc\u00e8s \u00e0 la titularisation.<\/p>\n<p><strong>Ensemble, poursuivons la lutte, construisons une d\u00e9fense collective, avec des perspectives et propositions d\u2019actions<small class=\"fine d-inline\">\u00a0<\/small>!<\/strong><br class=\"autobr\" \/>Comme chaque ann\u00e9e, les commissaires paritaires non titulaires, et responsables du SNES, SNEP et SNUEP feront \u00e9galement un bilan des commissions consultatives paritaires, des revendications qui restent autant de combats \u00e0 mener, quant \u00e0 la carri\u00e8re, aux salaires, \u00e0 la formation et aux conditions d\u2019exercice des contractuels d\u2019enseignement, d\u2019\u00e9ducation, PSY-EN, en formation initiale et continue. Ils recueilleront vos dol\u00e9ances, et les dossiers individuels qu\u2019ils d\u00e9fendront aupr\u00e8s du Rectorat.<\/p>\n<p><i>N\u2019oubliez pas de transmettre votre <a href=\"http:\/\/www.snepfsu-aix.net\/aix\/wp-content\/uploads\/2024\/10\/Convocation-stage-Non-titulaire.pdf\">demande de cong\u00e9 pour formation syndicale<\/a> au plus tard le lundi 7 octobre (mais pas d&rsquo;autocensure si le d\u00e9lai est d\u00e9pass\u00e9, d\u00e9posez votre demande) et de vous inscrire en ligne: <a href=\"https:\/\/forms.gle\/2vvxraGmg9twWHPo7\">https:\/\/forms.gle\/2vvxraGmg9twWHPo7<\/a><br class=\"autobr\" \/>Pour tout probl\u00e8me concernant votre participation au stage, vous pouvez nous contacter par mail ou par t\u00e9l\u00e9phone, au 06 86 90 68 98<\/i><\/p>\n<\/div>\n","protected":false},"excerpt":{"rendered":"<p>Pour les non titulaires du second degr\u00e9, enseignants, Prof d&rsquo;EPS, Psy-En ou CPE, cette ann\u00e9e encore, la rentr\u00e9e constitue un<\/p>\n","protected":false},"author":2,"featured_media":0,"comment_status":"closed","ping_status":"open","sticky":false,"template":"","format":"standard","meta":{"footnotes":""},"categories":[1],"tags":[],"class_list":["post-9670","post","type-post","status-publish","format-standard","hentry","category-non-classe"],"_links":{"self":[{"href":"http:\/\/www.snepfsu-aix.net\/aix\/wp-json\/wp\/v2\/posts\/9670","targetHints":{"allow":["GET"]}}],"collection":[{"href":"http:\/\/www.snepfsu-aix.net\/aix\/wp-json\/wp\/v2\/posts"}],"about":[{"href":"http:\/\/www.snepfsu-aix.net\/aix\/wp-json\/wp\/v2\/types\/post"}],"author":[{"embeddable":true,"href":"http:\/\/www.snepfsu-aix.net\/aix\/wp-json\/wp\/v2\/users\/2"}],"replies":[{"embeddable":true,"href":"http:\/\/www.snepfsu-aix.net\/aix\/wp-json\/wp\/v2\/comments?post=9670"}],"version-history":[{"count":3,"href":"http:\/\/www.snepfsu-aix.net\/aix\/wp-json\/wp\/v2\/posts\/9670\/revisions"}],"predecessor-version":[{"id":9676,"href":"http:\/\/www.snepfsu-aix.net\/aix\/wp-json\/wp\/v2\/posts\/9670\/revisions\/9676"}],"wp:attachment":[{"href":"http:\/\/www.snepfsu-aix.net\/aix\/wp-json\/wp\/v2\/media?parent=9670"}],"wp:term":[{"taxonomy":"category","embeddable":true,"href":"http:\/\/www.snepfsu-aix.net\/aix\/wp-json\/wp\/v2\/categories?post=9670"},{"taxonomy":"post_tag","embeddable":true,"href":"http:\/\/www.snepfsu-aix.net\/aix\/wp-json\/wp\/v2\/tags?post=9670"}],"curies":[{"name":"wp","href":"https:\/\/api.w.org\/{rel}","templated":true}]}}