{"id":9378,"date":"2024-06-07T17:34:17","date_gmt":"2024-06-07T15:34:17","guid":{"rendered":"https:\/\/www.snepfsu-aix.net\/aix\/?p=9378"},"modified":"2024-06-10T09:27:56","modified_gmt":"2024-06-10T07:27:56","slug":"exprimons-nous-sur-le-bac-2024","status":"publish","type":"post","link":"http:\/\/www.snepfsu-aix.net\/aix\/exprimons-nous-sur-le-bac-2024\/","title":{"rendered":"Exprimons nous sur le bac 2024!"},"content":{"rendered":"\n<p><img loading=\"lazy\" decoding=\"async\" class=\"alignleft\" src=\"http:\/\/www.snepfsu-aix.net\/aix\/wp-content\/uploads\/2024\/06\/666325e6f4a6f825477b4a03.jpg\" alt=\"\" width=\"342\" height=\"228\" \/>Le texte officiel (BO n\u00b036\u00a0 du 3\/10\/19) pr\u00e9voit que la commission acad\u00e9mique\u00a0 \u00ab\u00a0<i>\u00e9tablit un compte rendu des sessions\u2026Ce document recense\u2026 les types d\u2019obstacles li\u00e9es \u00e0 la conception des \u00e9preuves, les \u00e9volutions souhait\u00e9es,\u2026\u00a0<\/i>\u00bb\u00a0alors, utilisons la commission acad\u00e9mique comme porte-voix\u00a0\u00ab\u00a0officiel\u00a0\u00bb de la profession.\u00a0<\/p>\n<p>\u00a0<\/p>\n<p>Au-del\u00e0 des chiffres, les \u00e9quipes doivent s\u2019exprimer litt\u00e9ralement sur les Proc\u00e8s-Verbaux de remont\u00e9es des notes d\u2019\u00e9tablissement et ensuite exiger de la commission un compte rendu public et fid\u00e8le des propos tenus par la profession.\u00a0<\/p>\n<p>\u00a0<\/p>\n<p>Ainsi, on mesurera la qualit\u00e9 d\u2019\u00e9coute de la Commission Nationale qui a pour mission\u00a0\u00ab\u00a0<i>de proposer les adaptations ou modifications \u00e9ventuelles des r\u00e9f\u00e9rentiels nationaux\u00a0: principes d\u2019\u00e9valuation, bar\u00e8me, notation et choix ouverts aux \u00e9l\u00e8ves.\u00a0<\/i>\u00bb<\/p>\n<p><a href=\"http:\/\/www.snepfsu-aix.net\/aix\/wp-content\/uploads\/2024\/06\/Proposition-de-texte-a\u0300-faire-adopter-et-ajouter-au-PV-de-la-commission-1.pdf\">Proposition de texte \u00e0 faire adopter (version pdf)<\/a><\/p>\n","protected":false},"excerpt":{"rendered":"<p>Le texte officiel (BO n\u00b036\u00a0 du 3\/10\/19) pr\u00e9voit que la commission acad\u00e9mique\u00a0 \u00ab\u00a0\u00e9tablit un compte rendu des sessions\u2026Ce document recense\u2026<\/p>\n","protected":false},"author":2,"featured_media":0,"comment_status":"closed","ping_status":"open","sticky":false,"template":"","format":"standard","meta":{"footnotes":""},"categories":[1],"tags":[],"class_list":["post-9378","post","type-post","status-publish","format-standard","hentry","category-non-classe"],"_links":{"self":[{"href":"http:\/\/www.snepfsu-aix.net\/aix\/wp-json\/wp\/v2\/posts\/9378","targetHints":{"allow":["GET"]}}],"collection":[{"href":"http:\/\/www.snepfsu-aix.net\/aix\/wp-json\/wp\/v2\/posts"}],"about":[{"href":"http:\/\/www.snepfsu-aix.net\/aix\/wp-json\/wp\/v2\/types\/post"}],"author":[{"embeddable":true,"href":"http:\/\/www.snepfsu-aix.net\/aix\/wp-json\/wp\/v2\/users\/2"}],"replies":[{"embeddable":true,"href":"http:\/\/www.snepfsu-aix.net\/aix\/wp-json\/wp\/v2\/comments?post=9378"}],"version-history":[{"count":6,"href":"http:\/\/www.snepfsu-aix.net\/aix\/wp-json\/wp\/v2\/posts\/9378\/revisions"}],"predecessor-version":[{"id":9391,"href":"http:\/\/www.snepfsu-aix.net\/aix\/wp-json\/wp\/v2\/posts\/9378\/revisions\/9391"}],"wp:attachment":[{"href":"http:\/\/www.snepfsu-aix.net\/aix\/wp-json\/wp\/v2\/media?parent=9378"}],"wp:term":[{"taxonomy":"category","embeddable":true,"href":"http:\/\/www.snepfsu-aix.net\/aix\/wp-json\/wp\/v2\/categories?post=9378"},{"taxonomy":"post_tag","embeddable":true,"href":"http:\/\/www.snepfsu-aix.net\/aix\/wp-json\/wp\/v2\/tags?post=9378"}],"curies":[{"name":"wp","href":"https:\/\/api.w.org\/{rel}","templated":true}]}}