{"id":8829,"date":"2023-11-08T10:47:35","date_gmt":"2023-11-08T09:47:35","guid":{"rendered":"https:\/\/www.snepfsu-aix.net\/aix\/?p=8829"},"modified":"2023-11-24T12:18:13","modified_gmt":"2023-11-24T11:18:13","slug":"les-2-randos-militantes-du-25-nov","status":"publish","type":"post","link":"http:\/\/www.snepfsu-aix.net\/aix\/les-2-randos-militantes-du-25-nov\/","title":{"rendered":"Les 2 randos militantes du 25 nov."},"content":{"rendered":"\n<p><img loading=\"lazy\" decoding=\"async\" class=\"\" src=\"http:\/\/www.snepfsu-aix.net\/aix\/wp-content\/uploads\/2023\/11\/Rando-militantes-2023.png\" alt=\"\" width=\"504\" height=\"422\" \/><\/p>\n<p><b>Dates de l\u2019\u00e9v\u00e9nement\u00a0<\/b>: Samedi 25 novembre 2023 (sous r\u00e9serve de conditions m\u00e9t\u00e9o favorables, possibilit\u00e9 d\u2019annulation 2 jours avant)<\/p>\n<div><br \/><b>Randonn\u00e9e du Mont Ventoux (84)<\/b>\u00a0: <del>Rendez-vous \u00e0 10h sur le parking \u00e0 l\u2019entr\u00e9e de la station de ski du Mont Serein (face nord). Randonn\u00e9e d\u2019une dizaine de kilom\u00e8tres avec d\u00e9nivel\u00e9 positif de 500m.<\/del><\/div>\n<div><del>Coordonn\u00e9es GPS: Station du Mont Serein \u2013 Mont Ventoux Nord, Chalet d\u2019accueil, 84340 Beaumont-du-Ventoux, Coordonn\u00e9es GPS : Latitude : 44.183327262140224, Longitude : 5.2626389265060425<\/del><\/div>\n<div><span style=\"background-color: #ffff00;\"><strong>ATTENTION cette randonn\u00e9e est annul\u00e9e en raisons des conditions climatiques annonc\u00e9es (mistral \u00e0 100km\/h et temp\u00e9ratures n\u00e9gatives)<\/strong><\/span><\/div>\n<div>\u00a0<\/div>\n<div><b>Randonn\u00e9e du Mont Guillaume (05):\u00a0<\/b>Rendez-vous \u00e0 8h15 au bar \u00ab\u00a0le Capuccino\u00a0\u00bb \u00e0 EMBRUN<\/div>\n<div>Acc\u00e8s:\u00a0De la gare d\u2019Embrun, monter en direction du haut de ville, traverser la voie ferr\u00e9e puis prendre la direction de Caley\u00e8re jusqu\u2019au hameau. Continuez ensuite en direction des portes de la For\u00eat.\u00a0Stationnement :<\/div>\n<div>\n<div>Parking de la For\u00eat (1587 m) au terminus de la route (panneaux d\u2019informations).<\/div>\n<\/div>\n<div><br \/>\n<div><b>Description<\/b>: Dans le cadre de la semaine de l\u2019EPS du 21 au 25 novembre 2023, le SNEP souhaite se rendre visible dans la sph\u00e8re publique et sportive afin d\u2019avoir un focus sur notre discipline lors de cette ann\u00e9e olympique. Ces randonn\u00e9es ont pour but de cr\u00e9er un moment convivial, familial et agr\u00e9able. Alors n\u2019h\u00e9sitez pas, venez nombreux et nombreuses.\u00a0<\/div>\n<div>Pr\u00e9voir un pique-nique!<\/div>\n<div>\u00a0<\/div>\n<div>Nous vous fournirons un tee-shirt rouge du SNEP afin d\u2019\u00eatre identifiable.<\/div>\n<\/div>\n<div>\u00a0<\/div>\n<div><a href=\"https:\/\/forms.gle\/2FaRLPMkitjgYd2LA\">CLIQUEZ ICI POUR VOUS INSCRIRE<\/a>\u00a0<\/div>\n","protected":false},"excerpt":{"rendered":"<p>Dates de l\u2019\u00e9v\u00e9nement\u00a0: Samedi 25 novembre 2023 (sous r\u00e9serve de conditions m\u00e9t\u00e9o favorables, possibilit\u00e9 d\u2019annulation 2 jours avant) Randonn\u00e9e du<\/p>\n","protected":false},"author":2,"featured_media":0,"comment_status":"closed","ping_status":"open","sticky":false,"template":"","format":"standard","meta":{"footnotes":""},"categories":[1],"tags":[],"class_list":["post-8829","post","type-post","status-publish","format-standard","hentry","category-non-classe"],"_links":{"self":[{"href":"http:\/\/www.snepfsu-aix.net\/aix\/wp-json\/wp\/v2\/posts\/8829","targetHints":{"allow":["GET"]}}],"collection":[{"href":"http:\/\/www.snepfsu-aix.net\/aix\/wp-json\/wp\/v2\/posts"}],"about":[{"href":"http:\/\/www.snepfsu-aix.net\/aix\/wp-json\/wp\/v2\/types\/post"}],"author":[{"embeddable":true,"href":"http:\/\/www.snepfsu-aix.net\/aix\/wp-json\/wp\/v2\/users\/2"}],"replies":[{"embeddable":true,"href":"http:\/\/www.snepfsu-aix.net\/aix\/wp-json\/wp\/v2\/comments?post=8829"}],"version-history":[{"count":4,"href":"http:\/\/www.snepfsu-aix.net\/aix\/wp-json\/wp\/v2\/posts\/8829\/revisions"}],"predecessor-version":[{"id":8869,"href":"http:\/\/www.snepfsu-aix.net\/aix\/wp-json\/wp\/v2\/posts\/8829\/revisions\/8869"}],"wp:attachment":[{"href":"http:\/\/www.snepfsu-aix.net\/aix\/wp-json\/wp\/v2\/media?parent=8829"}],"wp:term":[{"taxonomy":"category","embeddable":true,"href":"http:\/\/www.snepfsu-aix.net\/aix\/wp-json\/wp\/v2\/categories?post=8829"},{"taxonomy":"post_tag","embeddable":true,"href":"http:\/\/www.snepfsu-aix.net\/aix\/wp-json\/wp\/v2\/tags?post=8829"}],"curies":[{"name":"wp","href":"https:\/\/api.w.org\/{rel}","templated":true}]}}