{"id":8744,"date":"2023-10-11T11:00:20","date_gmt":"2023-10-11T09:00:20","guid":{"rendered":"http:\/\/www.snepfsu-aix.net\/aix\/?p=8744"},"modified":"2023-10-11T12:16:39","modified_gmt":"2023-10-11T10:16:39","slug":"contacts-eps-au-rectorat","status":"publish","type":"post","link":"http:\/\/www.snepfsu-aix.net\/aix\/contacts-eps-au-rectorat\/","title":{"rendered":"Contacts EPS au rectorat"},"content":{"rendered":"\n<p><strong>Annuaire des Personnels de la Division des Personnels Enseignants \u2013 Aix-Marseille<\/strong><\/p>\n\n\n\n<p class=\"has-text-align-center\"><img loading=\"lazy\" decoding=\"async\" width=\"150\" height=\"267\" class=\"wp-image-7008\" style=\"width: 150px;\" src=\"http:\/\/www.snepfsu-aix.net\/aix\/wp-content\/uploads\/2022\/06\/rectorat-scaled.jpg\" alt=\"\" srcset=\"http:\/\/www.snepfsu-aix.net\/aix\/wp-content\/uploads\/2022\/06\/rectorat-scaled.jpg 1440w, http:\/\/www.snepfsu-aix.net\/aix\/wp-content\/uploads\/2022\/06\/rectorat-169x300.jpg 169w, http:\/\/www.snepfsu-aix.net\/aix\/wp-content\/uploads\/2022\/06\/rectorat-576x1024.jpg 576w, http:\/\/www.snepfsu-aix.net\/aix\/wp-content\/uploads\/2022\/06\/rectorat-768x1365.jpg 768w, http:\/\/www.snepfsu-aix.net\/aix\/wp-content\/uploads\/2022\/06\/rectorat-864x1536.jpg 864w, http:\/\/www.snepfsu-aix.net\/aix\/wp-content\/uploads\/2022\/06\/rectorat-1152x2048.jpg 1152w\" sizes=\"auto, (max-width: 150px) 100vw, 150px\" \/><\/p>\n\n\n\n<table style=\"border-collapse: collapse; width: 100%; height: 132px;\">\n<tbody>\n<tr style=\"height: 33px;\">\n<td style=\"width: 33.3333%; height: 33px;\">Chef de bureau DIPE1\u00a0<\/td>\n<td style=\"width: 33.3333%; height: 33px;\">04 42 91 73 75<\/td>\n<td style=\"width: 33.3333%; height: 33px;\"><a href=\"mailto:melina.lanzi-escalona@ac-aix-marseille.fr\">melina.lanzi-escalona@ac-aix-marseille.fr<\/a>\u00a0<\/td>\n<\/tr>\n<tr style=\"height: 33px;\">\n<td style=\"width: 33.3333%; height: 33px;\">EPS de A \u00e0 B\u00a0<\/td>\n<td style=\"width: 33.3333%; height: 33px;\">04 42 91 73 84<\/td>\n<td style=\"width: 33.3333%; height: 33px;\"><a href=\"mailto:cecile.auger@ac-aix-marseille.fr\">cecile.auger@ac-aix-marseille.fr<\/a><\/td>\n<\/tr>\n<tr style=\"height: 33px;\">\n<td style=\"width: 33.3333%; height: 33px;\">EPS de C \u00e0 K<\/td>\n<td style=\"width: 33.3333%; height: 33px;\">04 42 91 73 85\u00a0<\/td>\n<td style=\"width: 33.3333%; height: 33px;\"><a href=\"mailto:virginie.jaquet@ac-aix-marseille.fr\">virginie.jaquet@ac-aix-marseille.fr<\/a><\/td>\n<\/tr>\n<tr style=\"height: 33px;\">\n<td style=\"width: 33.3333%; height: 33px;\">EPS de L \u00e0 Z<\/td>\n<td style=\"width: 33.3333%; height: 33px;\">04 42 91 73 83<\/td>\n<td style=\"width: 33.3333%; height: 33px;\"><a href=\"mailto:frederic.monti@ac-aix-marseille.fr\">frederic.monti@ac-aix-marseille.fr<\/a><\/td>\n<\/tr>\n<\/tbody>\n<\/table>\n\n\n\n<ul>\n<li>La cellule d\u2019\u00e9coute et de soutien acad\u00e9mique, Soutien et accompagnement psychologique ponctuel: 04 42 91 75 50<\/li>\n<li>La psychologue clinicienne acad\u00e9mique, Prise en charge individuelle ou collective des agents en situation de souffrance au travail: <a href=\"mailto:veronique.biancotto@ac-aix-marseille.fr\">veronique.biancotto@ac-aix-marseille.fr<\/a>, Mercredi &#8211; 04 91 99 68 31 \/ Jeudi et vendredi &#8211; 04 42 91 71 26<\/li>\n<li>La Direction des Relations et des Ressources Humaines (DRRH) Pilotage de la politique RH et QCVT dans l\u2019acad\u00e9mie: <a href=\"mailto:ce.drrh@ac-aix-marseille.fr\">ce.drrh@ac-aix-marseille.fr<\/a><\/li>\n<li>La cellule handicap Accompagnement des agents en situation de handicap tout au long de leur carri\u00e8re (facilitation des d\u00e9marches, mise en place des compensations n\u00e9cessaires): <a href=\"mailto:correspondant-handicap@ac-aixmarseille.fr\">correspondant-handicap@ac-aixmarseille.fr<\/a><\/li>\n<li>Les conseill\u00e8res mobilit\u00e9 carri\u00e8re Accompagnement personnalis\u00e9 autour de l\u2019\u00e9volution professionnelle : bilan professionnel, d\u00e9marches de reconversion\u2026<br \/><a href=\"mailto:correspondant-handicap@ac-aixmarseille.fr\">mission.conseil.drrh@ac-aix-marseille.fr<\/a><\/li>\n<li>Les m\u00e9decins du travail Surveillance m\u00e9dicale des agents, pr\u00e9vention de l\u2019alt\u00e9ration de la sant\u00e9 physique et psychique des agents du fait de leur travail:\u00a0<br \/><a href=\"mailto:correspondant-handicap@ac-aixmarseille.fr\">ce.medecinedeprevention@ac-aixmarseille.fr<\/a><\/li>\n<li>L\u2019inspecteur sant\u00e9 et s\u00e9curit\u00e9 au travail Contr\u00f4le et conseil sur la sant\u00e9 au travail: <a href=\"mailto:ce.isst@ac-aix-marseille.fr\">ce.isst@ac-aix-marseille.fr<\/a><\/li>\n<li>Le r\u00e9f\u00e9rent acad\u00e9mique Violences Sexistes et Sexuelles (VSS) Membre de la Formation Sp\u00e9cialis\u00e9e en Sant\u00e9 S\u00e9curit\u00e9 et Conditions de Travail, le r\u00e9f\u00e9rent est d\u00e9sign\u00e9 par les membres de cette instance pour suivre les questions de violences, discriminations, harc\u00e8lement et agissements sexistes: <a href=\"mailto:ce.vss@ac-aix-marseille.fr\">ce.vss@ac-aix-marseille.fr<\/a><\/li>\n<li>La protection fonctionnelle Protection de l\u2019agent victime d\u2019atteinte \u00e0 son int\u00e9grit\u00e9 physique et\/ou moral (assistance juridique et r\u00e9paration du pr\u00e9judice subi): <a href=\"mailto:ce.pjf@ac-aix-marseille.fr\">ce.pjf@ac-aix-marseille.fr<\/a><\/li>\n<\/ul>\n","protected":false},"excerpt":{"rendered":"<p>Annuaire des Personnels de la Division des Personnels Enseignants \u2013 Aix-Marseille Chef de bureau DIPE1\u00a0 04 42 91 73 75<\/p>\n","protected":false},"author":2,"featured_media":0,"comment_status":"closed","ping_status":"open","sticky":false,"template":"","format":"standard","meta":{"footnotes":""},"categories":[1],"tags":[],"class_list":["post-8744","post","type-post","status-publish","format-standard","hentry","category-non-classe"],"_links":{"self":[{"href":"http:\/\/www.snepfsu-aix.net\/aix\/wp-json\/wp\/v2\/posts\/8744","targetHints":{"allow":["GET"]}}],"collection":[{"href":"http:\/\/www.snepfsu-aix.net\/aix\/wp-json\/wp\/v2\/posts"}],"about":[{"href":"http:\/\/www.snepfsu-aix.net\/aix\/wp-json\/wp\/v2\/types\/post"}],"author":[{"embeddable":true,"href":"http:\/\/www.snepfsu-aix.net\/aix\/wp-json\/wp\/v2\/users\/2"}],"replies":[{"embeddable":true,"href":"http:\/\/www.snepfsu-aix.net\/aix\/wp-json\/wp\/v2\/comments?post=8744"}],"version-history":[{"count":3,"href":"http:\/\/www.snepfsu-aix.net\/aix\/wp-json\/wp\/v2\/posts\/8744\/revisions"}],"predecessor-version":[{"id":8755,"href":"http:\/\/www.snepfsu-aix.net\/aix\/wp-json\/wp\/v2\/posts\/8744\/revisions\/8755"}],"wp:attachment":[{"href":"http:\/\/www.snepfsu-aix.net\/aix\/wp-json\/wp\/v2\/media?parent=8744"}],"wp:term":[{"taxonomy":"category","embeddable":true,"href":"http:\/\/www.snepfsu-aix.net\/aix\/wp-json\/wp\/v2\/categories?post=8744"},{"taxonomy":"post_tag","embeddable":true,"href":"http:\/\/www.snepfsu-aix.net\/aix\/wp-json\/wp\/v2\/tags?post=8744"}],"curies":[{"name":"wp","href":"https:\/\/api.w.org\/{rel}","templated":true}]}}