{"id":8667,"date":"2023-10-05T10:16:24","date_gmt":"2023-10-05T08:16:24","guid":{"rendered":"http:\/\/www.snepfsu-aix.net\/aix\/?p=8667"},"modified":"2023-10-05T10:16:26","modified_gmt":"2023-10-05T08:16:26","slug":"procedure-de-contestation-rdv-de-carrieres","status":"publish","type":"post","link":"http:\/\/www.snepfsu-aix.net\/aix\/procedure-de-contestation-rdv-de-carrieres\/","title":{"rendered":"Proc\u00e9dure de contestation RDV de carri\u00e8res"},"content":{"rendered":"\n<p><span style=\"color: #000000;\">D\u00e9marche :\u00a0<\/span><\/p>\n<p><span style=\"color: #000000;\">Il faut faire un recours gracieux aupr\u00e8s du recteur par \u00e9crit en vue de demander la r\u00e9vision de ton appr\u00e9ciation finale <strong>dans un d\u00e9lai de 30 jours francs, suivant la notification de cette derni\u00e8re.<\/strong><\/span><\/p>\n<p><span style=\"color: #000000;\">Envoi du recours :<\/span><\/p>\n<ul>\n<li><span style=\"color: #000000;\"><span style=\"font-family: sourcesanspro-light-webfont, 'sans serif'; font-size: 18px;\">soit par voie postale\u00a0<\/span><span style=\"font-family: sourcesanspro-light-webfont, 'sans serif'; font-size: 18px;\">(cachet de la poste faisant foi)<\/span><\/span><\/li>\n<li><span style=\"color: #000000;\">soit par courriel\u00a0\u00a0<span style=\"font-family: sourcesanspro-light-webfont, 'sans serif'; font-size: 18px;\">(l&rsquo;administration ne devrait faire d\u2019accus\u00e9 de r\u00e9ception, se mettre en copie de l&rsquo;envoi du mail) et copie \u00e0 <\/span><a style=\"font-family: sourcesanspro-light-webfont, 'sans serif'; font-size: 18px; color: #000000;\" href=\"mailto:corpo-aix@snepfsu.net\">corpo-aix@snepfsu.net<\/a><\/span><\/li>\n<\/ul>\n<p>\u00a0<\/p>\n<p><span style=\"color: #000000;\">Rectorat d&rsquo;acad\u00e9mie d&rsquo;affectation &#8211; D\u00e9partement des Personnels. Courriel acad\u00e9mique \u00e0 <a style=\"color: #000000;\" href=\"mailto:ce.dipe@ac-aix-marseille.fr\">ce.dipe@ac-aix-marseille.fr<\/a><\/span><\/p>\n<p><span style=\"color: #000000;\">Le recteur dispose <strong>alors de 30 jours francs pour te r\u00e9pondre.<\/strong> L\u2019ann\u00e9e derni\u00e8re, le rectorat avait r\u00e9pondu \u00e0 la quasi-totalit\u00e9 des recours.\u00a0<\/span><\/p>\n<p><span style=\"color: #000000;\">Apr\u00e8s cette r\u00e9ponse du rectorat, tu disposeras de 30 jours maximum pour saisir la CAP concern\u00e9e de ta contestation et demande de r\u00e9vision d\u2019appr\u00e9ciation finale. Aucune contestation ne sera examin\u00e9e en CAPA si la premi\u00e8re contestation n\u2019a pas \u00e9t\u00e9 effectu\u00e9e.<\/span><\/p>\n<p><span style=\"color: #000000;\"><strong>Si le recteur r\u00e9pond d\u00e9favorablement<\/strong>, c\u2019est \u00e0 partir de la notification de cette r\u00e9ponse que tu as alors 30 jours francs pour renouveler la contestation.<\/span><\/p>\n<p><span style=\"color: #000000;\"><strong>Exemple<\/strong> : r\u00e9ception au 15 septembre de l\u2019appr\u00e9ciation finale : tu as jusqu\u2019au 14 octobre pour contester cette appr\u00e9ciation.\u00a0Tu envoies le recours de contestation le 26 septembre.\u00a0Le recteur a jusqu\u2019au 25 octobre pour te r\u00e9pondre.<\/span><\/p>\n<p><span style=\"color: #000000;\">Si tu n\u2019as pas de r\u00e9ponse du rectorat ou une r\u00e9ponse d\u00e9favorable, tu as alors jusqu\u2019au 24 novembre pour saisir la CAPA.<\/span><\/p>\n<p><span style=\"color: #000000;\">Il n\u2019y a pas de courrier type pour contester son appr\u00e9ciation finale (le <a style=\"color: #000000;\" href=\"http:\/\/www.snepfsu-aix.net\/aix\/adherent\/\">SNEP met n\u00e9anmoins \u00e0 ta disposition un courrier<\/a> qui peut te servir d&rsquo;exemple). Les points de contestation peuvent \u00eatre un d\u00e9calage entre les appr\u00e9ciations des \u00e9valuateurs et l\u2019appr\u00e9ciation finale, une non-prise en compte de l\u2019ensemble des activit\u00e9s men\u00e9es dans votre appr\u00e9ciation, etc.<\/span><\/p>\n<p><span style=\"color: #000000;\">Le rectorat, par la complexit\u00e9 de la proc\u00e9dure, tente de d\u00e9courager les coll\u00e8gues de demander une r\u00e9vision. En cas de d\u00e9saccord, il ne faut surtout pas h\u00e9siter \u00e0 se lancer dans cette proc\u00e9dure de contestation.<\/span><\/p>\n<p><span style=\"color: #000000;\">En effet, nombre de coll\u00e8gues ont obtenu satisfaction l\u2019ann\u00e9e derni\u00e8re dans leur con<\/span><\/p>\n","protected":false},"excerpt":{"rendered":"<p>D\u00e9marche :\u00a0 Il faut faire un recours gracieux aupr\u00e8s du recteur par \u00e9crit en vue de demander la r\u00e9vision de<\/p>\n","protected":false},"author":2,"featured_media":0,"comment_status":"closed","ping_status":"open","sticky":false,"template":"","format":"standard","meta":{"footnotes":""},"categories":[1],"tags":[],"class_list":["post-8667","post","type-post","status-publish","format-standard","hentry","category-non-classe"],"_links":{"self":[{"href":"http:\/\/www.snepfsu-aix.net\/aix\/wp-json\/wp\/v2\/posts\/8667","targetHints":{"allow":["GET"]}}],"collection":[{"href":"http:\/\/www.snepfsu-aix.net\/aix\/wp-json\/wp\/v2\/posts"}],"about":[{"href":"http:\/\/www.snepfsu-aix.net\/aix\/wp-json\/wp\/v2\/types\/post"}],"author":[{"embeddable":true,"href":"http:\/\/www.snepfsu-aix.net\/aix\/wp-json\/wp\/v2\/users\/2"}],"replies":[{"embeddable":true,"href":"http:\/\/www.snepfsu-aix.net\/aix\/wp-json\/wp\/v2\/comments?post=8667"}],"version-history":[{"count":1,"href":"http:\/\/www.snepfsu-aix.net\/aix\/wp-json\/wp\/v2\/posts\/8667\/revisions"}],"predecessor-version":[{"id":8669,"href":"http:\/\/www.snepfsu-aix.net\/aix\/wp-json\/wp\/v2\/posts\/8667\/revisions\/8669"}],"wp:attachment":[{"href":"http:\/\/www.snepfsu-aix.net\/aix\/wp-json\/wp\/v2\/media?parent=8667"}],"wp:term":[{"taxonomy":"category","embeddable":true,"href":"http:\/\/www.snepfsu-aix.net\/aix\/wp-json\/wp\/v2\/categories?post=8667"},{"taxonomy":"post_tag","embeddable":true,"href":"http:\/\/www.snepfsu-aix.net\/aix\/wp-json\/wp\/v2\/tags?post=8667"}],"curies":[{"name":"wp","href":"https:\/\/api.w.org\/{rel}","templated":true}]}}