{"id":8174,"date":"2023-05-04T14:44:41","date_gmt":"2023-05-04T12:44:41","guid":{"rendered":"http:\/\/www.snepfsu-aix.net\/aix\/?p=8174"},"modified":"2023-05-04T19:43:32","modified_gmt":"2023-05-04T17:43:32","slug":"ne-pactisez-pas","status":"publish","type":"post","link":"http:\/\/www.snepfsu-aix.net\/aix\/ne-pactisez-pas\/","title":{"rendered":"Ne pactisez pas!!!"},"content":{"rendered":"\n<p align=\"CENTER\"><span style=\"color: #ff0000;\"><b><img loading=\"lazy\" decoding=\"async\" class=\"alignleft\" src=\"http:\/\/www.snepfsu-aix.net\/aix\/wp-content\/uploads\/2023\/05\/pacte-enseignant.png\" alt=\"\" width=\"321\" height=\"269\" \/>NON AU PACTE<\/b><\/span><\/p>\n<p align=\"CENTER\"><b>NON AU REMPLACEMENT AU PIED LEVE<\/b><\/p>\n<p align=\"CENTER\"><b>NON AU TRAVAILLER PLUS POUR GAGNER PLUS<\/b><\/p>\n<p align=\"CENTER\"><b>NON A L&rsquo;AUGMENTATION DES INEGALITES HOMME\/FEMME<\/b><\/p>\n<p align=\"CENTER\"><b>NON A LA CONCURRENCE ENTRE LES PERSONNELS<\/b><\/p>\n<p align=\"CENTER\"><b>NON AU RENFORCEMENT DU POUVOIR DU CHEF D&rsquo;ETABLISSEMENT<\/b><\/p>\n<p align=\"JUSTIFY\">\u00a0<\/p>\n<p align=\"JUSTIFY\"><strong>LE PACTE<\/strong><\/p>\n<p align=\"JUSTIFY\">Pour r\u00e9pondre \u00e0 la d\u00e9classification salariale des enseignants, le gouvernement instaure le pacte enseignant \u00e0 partir de la rentr\u00e9e 2023.<\/p>\n<p align=\"JUSTIFY\">Sur proposition du chef d&rsquo;\u00e9tablissement, si ce pacte est sign\u00e9 par les coll\u00e8gues, il n\u00e9cessitera des missions suppl\u00e9mentaires et un engagement de remplacements de courte dur\u00e9e \u00e0 minima de 18H par an et jusqu&rsquo;\u00e0 72h selon l&rsquo;unit\u00e9 de pacte sign\u00e9 et la hauteur de la r\u00e9mun\u00e9ration (3650 euros en moyenne)<\/p>\n<p align=\"JUSTIFY\">Le gouvernement fait porter la responsabilit\u00e9 du non remplacement des enseignants aux coll\u00e8gues en poste alors que c&rsquo;est lui m\u00eame qui a supprim\u00e9 des postes de TZR.<\/p>\n<p align=\"JUSTIFY\">Le SNEP FSU appelle tous les coll\u00e8gues \u00e0 ne pas signer le pacte. Il s&rsquo;agit l\u00e0 d&rsquo;une contractualisation du fonctionnaire. Battons nous pour notre statut!<\/p>\n<p align=\"JUSTIFY\"><strong>LES MESURES INDEMNITAIRES<\/strong><\/p>\n<p align=\"JUSTIFY\">Parall\u00e8lement le gouvernement annonce\u00a0:<\/p>\n<ul>\n<li>\n<p align=\"JUSTIFY\">un doublement de l&rsquo;ISOE<\/p>\n<\/li>\n<li>\n<p align=\"JUSTIFY\">Une augmentation de la prime d&rsquo;attractivit\u00e9 de l&rsquo;\u00e9chelon 2 \u00e0 7<\/p>\n<\/li>\n<\/ul>\n<p align=\"JUSTIFY\">Ces mesures indemnitaires et non indiciaires qui ne rentrent donc pas dans le calcul de la retraite ! Avec un aplatissement de la carri\u00e8re \u00e0 court terme. Alors que le gouvernement avait annonc\u00e9 une augmentation de 10% pour tous les enseignants, le compte n&rsquo;y est pas. Le SNEP avec la FSU continuera de revendiquer des mesures indiciaires avec 70 points d\u2019indice (mandat FSU) pour tous\u00b7tes comme premi\u00e8re mesure.<\/p>\n<p align=\"JUSTIFY\"><strong>LES MESURES CARRIERES<\/strong><\/p>\n<p align=\"JUSTIFY\">Les mesures de carri\u00e8re propos\u00e9es par le minist\u00e8re sont int\u00e9ressantes et sont le fruit de ce que le SNEP a port\u00e9 avec la FSU. Nous continuerons d\u2019\u0153uvrer pour que la carri\u00e8re se d\u00e9roule de mani\u00e8re fluide et \u00e9galitaire pour tous\u00b7tes et pour que chacun\u00b7e atteigne l\u2019indice terminal de la classe exceptionnelle sur une carri\u00e8re compl\u00e8te. La FSU continue de demander la d\u00e9connexion des RDV de carri\u00e8re et de l\u2019avancement.<\/p>\n<p align=\"JUSTIFY\">-Le ratio de promotion \u00e0 la Hors classe qui passe de 18 \u00e0 21 % en 2023 &#8211; puis 22 % en 2024 &#8211; puis 23 % en 2025<\/p>\n<p align=\"JUSTIFY\">-Transformation de l\u2019 \u00e9chelon sp\u00e9cial en \u00e9chelon \u00ab normal \u00bb d\u00e8s 2023 (dur\u00e9e pr\u00e9vue de l\u2019\u00e9chelon 4 de la classe exceptionnelle 3 ans) pour les professeur\u00b7es d\u2019EPS<\/p>\n<p align=\"JUSTIFY\">-Augmentation du contingentement de la classe exceptionnelle \u00e0 10,5 % d\u00e8s 2023. Pour les professeur\u00b7es d\u2019EPS, cela repr\u00e9sente environ 145 promotions suppl\u00e9mentaires<\/p>\n<p align=\"JUSTIFY\">-\u00c9volution du mode d\u2019acc\u00e8s \u00e0 la classe exceptionnelle, passant d\u2019un contingentement \u00e0 un ratio de promotion<\/p>\n<p align=\"JUSTIFY\"><strong>CONCLUSION\u00a0:<\/strong><\/p>\n<p align=\"JUSTIFY\">Nous risquons de passer d\u2019une Fonction publique de carri\u00e8re \u00e0 une Fonction publique d\u2019emploi, o\u00f9 l\u2019indemnitaire prend le pas sur l\u2019indiciaire (qui atteint aujourd\u2019hui presque 25 % du salaire sur certains \u00e9chelons) et o\u00f9 la r\u00e9mun\u00e9ration ne d\u00e9pend plus du grade mais du poste occup\u00e9. Cette transformation est notamment li\u00e9e aux missions du pacte. C&rsquo;est le statut qui nous garantit un grade est donc une \u00e9volution salariale et de carri\u00e8re.\u00a0<\/p>\n<p align=\"JUSTIFY\">NE PACTISEZ PAS! NON AU PACTE!<\/p>\n<p align=\"JUSTIFY\">REVENDIQUONS une r\u00e9elle augmentation salariale indiciaire pour tous.tes<\/p>\n<p align=\"JUSTIFY\">Lire notre 4 pages sur l&rsquo;\u00e9volution de votre r\u00e9mun\u00e9ration: <a href=\"http:\/\/www.snepfsu-aix.net\/aix\/wp-content\/uploads\/2023\/05\/4-pages_question-salariale-def.pdf\">Cliquez ICI<\/a><\/p>\n<p align=\"JUSTIFY\"><a href=\"https:\/\/us02web.zoom.us\/j\/89626697678?pwd=bVJheE1hcjk1N29vbUphY3N3UUR1UT09\"><img loading=\"lazy\" decoding=\"async\" class=\"alignnone\" src=\"http:\/\/www.snepfsu-aix.net\/aix\/wp-content\/uploads\/2023\/05\/Visio-pacte-1.jpg\" alt=\"\" width=\"668\" height=\"560\" \/><\/a><\/p>\n<p>SNEP-FSU Aix-Marseille vous invite \u00e0 une r\u00e9union Zoom planifi\u00e9e.<\/p>\n<p>Sujet\u00a0: Visio \u00ab\u00a0Pacte enseignant\u00a0\u00bb SNEP Aix-Marseille<br \/>Heure\u00a0: 17 mai 2023 06:00 PM Paris<\/p>\n<p>Participer \u00e0 la r\u00e9union Zoom<br \/><a href=\"https:\/\/us02web.zoom.us\/j\/89626697678?pwd=bVJheE1hcjk1N29vbUphY3N3UUR1UT09\u00a0\">https:\/\/us02web.zoom.us\/j\/89626697678?pwd=bVJheE1hcjk1N29vbUphY3N3UUR1UT09\u00a0<\/a><\/p>\n<p>ID de r\u00e9union\u00a0: 896 2669 7678<br \/>Code secret\u00a0: 476194<br \/>Une seule touche sur l\u2019appareil mobile<br \/>+12532158782,,89626697678#,,,,*476194# \u00c9tats-Unis (Tacoma)<br \/>+13017158592,,89626697678#,,,,*476194# \u00c9tats-Unis (Washington DC)<\/p>\n<p><br \/>ID de r\u00e9union\u00a0: 896 2669 7678<br \/>Code secret\u00a0: 476194<br \/>Trouvez votre num\u00e9ro local\u00a0: https:\/\/us02web.zoom.us\/u\/kzuFAl5YK<\/p>\n","protected":false},"excerpt":{"rendered":"<p>NON AU PACTE NON AU REMPLACEMENT AU PIED LEVE NON AU TRAVAILLER PLUS POUR GAGNER PLUS NON A L&rsquo;AUGMENTATION DES<\/p>\n","protected":false},"author":2,"featured_media":0,"comment_status":"closed","ping_status":"open","sticky":false,"template":"","format":"standard","meta":{"footnotes":""},"categories":[1],"tags":[],"class_list":["post-8174","post","type-post","status-publish","format-standard","hentry","category-non-classe"],"_links":{"self":[{"href":"http:\/\/www.snepfsu-aix.net\/aix\/wp-json\/wp\/v2\/posts\/8174","targetHints":{"allow":["GET"]}}],"collection":[{"href":"http:\/\/www.snepfsu-aix.net\/aix\/wp-json\/wp\/v2\/posts"}],"about":[{"href":"http:\/\/www.snepfsu-aix.net\/aix\/wp-json\/wp\/v2\/types\/post"}],"author":[{"embeddable":true,"href":"http:\/\/www.snepfsu-aix.net\/aix\/wp-json\/wp\/v2\/users\/2"}],"replies":[{"embeddable":true,"href":"http:\/\/www.snepfsu-aix.net\/aix\/wp-json\/wp\/v2\/comments?post=8174"}],"version-history":[{"count":3,"href":"http:\/\/www.snepfsu-aix.net\/aix\/wp-json\/wp\/v2\/posts\/8174\/revisions"}],"predecessor-version":[{"id":8188,"href":"http:\/\/www.snepfsu-aix.net\/aix\/wp-json\/wp\/v2\/posts\/8174\/revisions\/8188"}],"wp:attachment":[{"href":"http:\/\/www.snepfsu-aix.net\/aix\/wp-json\/wp\/v2\/media?parent=8174"}],"wp:term":[{"taxonomy":"category","embeddable":true,"href":"http:\/\/www.snepfsu-aix.net\/aix\/wp-json\/wp\/v2\/categories?post=8174"},{"taxonomy":"post_tag","embeddable":true,"href":"http:\/\/www.snepfsu-aix.net\/aix\/wp-json\/wp\/v2\/tags?post=8174"}],"curies":[{"name":"wp","href":"https:\/\/api.w.org\/{rel}","templated":true}]}}