{"id":8168,"date":"2023-05-04T11:13:49","date_gmt":"2023-05-04T09:13:49","guid":{"rendered":"http:\/\/www.snepfsu-aix.net\/aix\/?p=8168"},"modified":"2023-06-29T11:12:49","modified_gmt":"2023-06-29T09:12:49","slug":"derniere-minute-non-au-deploiement-du-dispositif-des-2-heures","status":"publish","type":"post","link":"http:\/\/www.snepfsu-aix.net\/aix\/derniere-minute-non-au-deploiement-du-dispositif-des-2-heures\/","title":{"rendered":"Derni\u00e8re minute\u00a0! : NON au d\u00e9ploiement du dispositif des \u00ab\u00a02 heures\u00a0\u00bb"},"content":{"rendered":"\n<p align=\"CENTER\"><span style=\"font-size: large;\"><u><b>Derni\u00e8re minute\u00a0! : NON<\/b><\/u><\/span><u><b> <\/b><\/u><span style=\"font-size: large;\"><u><b>au d\u00e9ploiement du dispositif des \u00ab\u00a02 heures\u00a0\u00bb <\/b><\/u><\/span><\/p>\n<p align=\"JUSTIFY\"><b><img loading=\"lazy\" decoding=\"async\" class=\"alignleft\" src=\"http:\/\/www.snepfsu-aix.net\/aix\/wp-content\/uploads\/2023\/05\/2h-de-sport.png\" alt=\"\" width=\"236\" height=\"236\" \/>Apr\u00e8s l\u2019annonce courant avril par le pr\u00e9sident Macron de la g\u00e9n\u00e9ralisation du dispositif \u00ab 2h de sport au coll\u00e8ge \u00bb \u00e0 la rentr\u00e9e 2023, il n\u2019aura pas fallu longtemps \u00e0 l\u2019administration pour lui ob\u00e9ir en publiant officiellement cette d\u00e9cision et son organisation au <a href=\"https:\/\/www.education.gouv.fr\/bo\/2023\/Hebdo17\/SPOV2311246J\">BO du 27 avril 2023 (lien ici)<\/a>. <\/b><\/p>\n<p align=\"JUSTIFY\">La position du SNEP FSU n\u2019a pas chang\u00e9. Nous nous opposons toujours \u00e0 ce dispositif qui entre directement en concurrence avec l\u2019EPS et le sport scolaire, notamment pour le partage des installations sportives. Il est aussi dangereux car il ouvre en grand la porte des \u00e9tablissements scolaires aux prestataires priv\u00e9s, tout en leur donnant des objectifs similaires \u00e0 notre discipline.<\/p>\n<p align=\"JUSTIFY\"><b>Le nom a l\u00e9g\u00e8rement chang\u00e9, \u00ab\u00a02 heures hebdomadaires suppl\u00e9mentaires d\u2019activit\u00e9 physique et sportive pour les coll\u00e9giens\u00a0\u00bb mais le contenu reste le m\u00eame<\/b>. Et le fait de mentionner que ces 2 heures se feront \u00ab\u00a0en\u00a0compl\u00e9ment de l\u2019EPS et de l\u2019AS\u00a0\u00bb ne trompe personne.<\/p>\n<p align=\"JUSTIFY\">L\u2019objectif est d\u2019\u00e9tendre ce dispositif \u00e0 la rentr\u00e9e dans 700 \u00e9tablissements sur l\u2019ensemble du territoire. Ce d\u00e9ploiement se fait dans l\u2019urgence, sans concertation et sans analyse de l\u2019exp\u00e9rimentation en cours cette ann\u00e9e. La m\u00e9thode ne change pas\u2026 Le passage en force est de mise.<\/p>\n<p align=\"JUSTIFY\">Les chefs d\u2019\u00e9tablissements volontaires sont cens\u00e9s faire remonter leur souhait de faire partie du dispositif avant le 15 mai.<\/p>\n<p align=\"JUSTIFY\"><span style=\"color: #ff0000;\"><u><b>C\u2019est pourquoi le SNEP\/FSU appelle\u00a0les \u00e9quipes EPS<\/b><\/u><\/span><span style=\"color: #ff0000;\"><b>\u00a0:<\/b><\/span><\/p>\n<ul>\n<li>\n<p align=\"JUSTIFY\"><span style=\"color: #ff0000;\"><b>A prendre contact rapidement avec leur chef d\u2019\u00e9tablissement pour faire part de leur opposition aux \u00ab\u00a02h d\u2019activit\u00e9 physique et sportive\u00a0\u00bb afin que celui-ci ne candidate pas. <\/b><\/span><\/p>\n<\/li>\n<\/ul>\n<ul>\n<li>\n<p align=\"JUSTIFY\"><span style=\"color: #ff0000;\"><b>A d\u00e9noncer ce dispositif dans les instances de leur \u00e9tablissement (conseil p\u00e9dagogique, CA,..) pour informer tous les membres de la communaut\u00e9 \u00e9ducative:<span style=\"color: #3366ff;\"> <a style=\"color: #3366ff;\" href=\"https:\/\/lesite.snepfsu.fr\/agir\/agir-dans-letablissement\/le-conseil-dadministration\/contre-le-dispositif-2-h-de-sport-en-plus-de-leps-motion-au-ca\/\">VOIR LA MOTION \u00e0 d\u00e9poser en CA<\/a><\/span><\/b><\/span><\/p>\n<\/li>\n<li>\n<p align=\"JUSTIFY\"><span style=\"color: #ff0000;\"><b>A annoncer collectivement le refus de s\u2019y impliquer (la mise en place du projet doit se faire \u00ab en concertation avec l\u2019\u00e9quipe EPS \u00bb mais l&rsquo;encadrement se ferait sans eux).<\/b><\/span><\/p>\n<\/li>\n<\/ul>\n<p align=\"JUSTIFY\">En tant qu\u2019enseignants d\u2019EPS soucieux du d\u00e9veloppement du service public d\u2019\u00e9ducation, nous ne pouvons accepter la mise en place des \u00ab 2 heures \u00bb dont le but est de faire de l\u2019affichage avant les JO de Paris et alors qu\u2019il y a tant \u00e0 faire pour d\u00e9velopper et renforcer l\u2019EPS et le sport scolaire pour tous.\u00a0<\/p>\n<p align=\"JUSTIFY\"><span style=\"background-color: #ffff00;\"><strong>La seule revendication valable et ambitieuse est celle du SNEP: \u00ab\u00a04H d&rsquo;EPS pour toutes et tous de la maternelle au lyc\u00e9e\u00a0\u00bb<\/strong><\/span><\/p>\n<p align=\"JUSTIFY\"><img loading=\"lazy\" decoding=\"async\" class=\"aligncenter\" src=\"http:\/\/www.snepfsu-aix.net\/aix\/wp-content\/uploads\/2023\/05\/4h-720-480.jpg\" alt=\"\" width=\"472\" height=\"314\" \/><\/p>\n","protected":false},"excerpt":{"rendered":"<p>Derni\u00e8re minute\u00a0! : NON au d\u00e9ploiement du dispositif des \u00ab\u00a02 heures\u00a0\u00bb Apr\u00e8s l\u2019annonce courant avril par le pr\u00e9sident Macron de<\/p>\n","protected":false},"author":2,"featured_media":0,"comment_status":"closed","ping_status":"open","sticky":false,"template":"","format":"standard","meta":{"footnotes":""},"categories":[1],"tags":[],"class_list":["post-8168","post","type-post","status-publish","format-standard","hentry","category-non-classe"],"_links":{"self":[{"href":"http:\/\/www.snepfsu-aix.net\/aix\/wp-json\/wp\/v2\/posts\/8168","targetHints":{"allow":["GET"]}}],"collection":[{"href":"http:\/\/www.snepfsu-aix.net\/aix\/wp-json\/wp\/v2\/posts"}],"about":[{"href":"http:\/\/www.snepfsu-aix.net\/aix\/wp-json\/wp\/v2\/types\/post"}],"author":[{"embeddable":true,"href":"http:\/\/www.snepfsu-aix.net\/aix\/wp-json\/wp\/v2\/users\/2"}],"replies":[{"embeddable":true,"href":"http:\/\/www.snepfsu-aix.net\/aix\/wp-json\/wp\/v2\/comments?post=8168"}],"version-history":[{"count":4,"href":"http:\/\/www.snepfsu-aix.net\/aix\/wp-json\/wp\/v2\/posts\/8168\/revisions"}],"predecessor-version":[{"id":8446,"href":"http:\/\/www.snepfsu-aix.net\/aix\/wp-json\/wp\/v2\/posts\/8168\/revisions\/8446"}],"wp:attachment":[{"href":"http:\/\/www.snepfsu-aix.net\/aix\/wp-json\/wp\/v2\/media?parent=8168"}],"wp:term":[{"taxonomy":"category","embeddable":true,"href":"http:\/\/www.snepfsu-aix.net\/aix\/wp-json\/wp\/v2\/categories?post=8168"},{"taxonomy":"post_tag","embeddable":true,"href":"http:\/\/www.snepfsu-aix.net\/aix\/wp-json\/wp\/v2\/tags?post=8168"}],"curies":[{"name":"wp","href":"https:\/\/api.w.org\/{rel}","templated":true}]}}