{"id":8085,"date":"2023-04-06T10:01:49","date_gmt":"2023-04-06T08:01:49","guid":{"rendered":"http:\/\/www.snepfsu-aix.net\/aix\/?p=8085"},"modified":"2023-04-06T10:19:38","modified_gmt":"2023-04-06T08:19:38","slug":"caisse-de-solidarite-du-snep","status":"publish","type":"post","link":"http:\/\/www.snepfsu-aix.net\/aix\/caisse-de-solidarite-du-snep\/","title":{"rendered":"Caisse de solidarit\u00e9 du SNEP"},"content":{"rendered":"\n<p><img loading=\"lazy\" decoding=\"async\" class=\"alignleft\" src=\"http:\/\/www.snepfsu-aix.net\/aix\/wp-content\/uploads\/2023\/03\/Caisse-de-greve.png\" alt=\"\" width=\"234\" height=\"234\" \/>Vous pouvez solliciter la caisse de gr\u00e8ve <strong>si vous \u00eates syndiqu\u00e9.es<\/strong>. et \u00e0 partir du <strong>4\u00e8me jour de gr\u00e8ve<\/strong>.<\/p>\n<p><br \/>Pour cela il vous faut envoyer la demande au SNEP national en attestant les jours de gr\u00e8ves retir\u00e9s <br \/>avec les fiches de paie, ainsi qu\u2019un rib. Les sommes attribu\u00e9es ne pourront pas compens\u00e9es <br \/>l\u2019int\u00e9gralit\u00e9 de la perte salariale \u00bb<\/p>\n<p><br \/>Adresse d\u2019envoi : <a href=\"mailto:tresorerie@snepfsu.net\">tresorerie@snepfsu.net<\/a><\/p>\n<p><br \/>avec copie au secr\u00e9taire d\u00e9partemental du SNEP (s2-\u00ab num\u00e9ro de d\u00e9partement \u00bb@snepfsu.net<br \/>Les demandes sont \u00e0 faire jusqu\u2019au 14 juin 2023<\/p>\n","protected":false},"excerpt":{"rendered":"<p>Vous pouvez solliciter la caisse de gr\u00e8ve si vous \u00eates syndiqu\u00e9.es. et \u00e0 partir du 4\u00e8me jour de gr\u00e8ve. Pour<\/p>\n","protected":false},"author":2,"featured_media":0,"comment_status":"closed","ping_status":"open","sticky":false,"template":"","format":"standard","meta":{"footnotes":""},"categories":[1],"tags":[],"class_list":["post-8085","post","type-post","status-publish","format-standard","hentry","category-non-classe"],"_links":{"self":[{"href":"http:\/\/www.snepfsu-aix.net\/aix\/wp-json\/wp\/v2\/posts\/8085","targetHints":{"allow":["GET"]}}],"collection":[{"href":"http:\/\/www.snepfsu-aix.net\/aix\/wp-json\/wp\/v2\/posts"}],"about":[{"href":"http:\/\/www.snepfsu-aix.net\/aix\/wp-json\/wp\/v2\/types\/post"}],"author":[{"embeddable":true,"href":"http:\/\/www.snepfsu-aix.net\/aix\/wp-json\/wp\/v2\/users\/2"}],"replies":[{"embeddable":true,"href":"http:\/\/www.snepfsu-aix.net\/aix\/wp-json\/wp\/v2\/comments?post=8085"}],"version-history":[{"count":2,"href":"http:\/\/www.snepfsu-aix.net\/aix\/wp-json\/wp\/v2\/posts\/8085\/revisions"}],"predecessor-version":[{"id":8088,"href":"http:\/\/www.snepfsu-aix.net\/aix\/wp-json\/wp\/v2\/posts\/8085\/revisions\/8088"}],"wp:attachment":[{"href":"http:\/\/www.snepfsu-aix.net\/aix\/wp-json\/wp\/v2\/media?parent=8085"}],"wp:term":[{"taxonomy":"category","embeddable":true,"href":"http:\/\/www.snepfsu-aix.net\/aix\/wp-json\/wp\/v2\/categories?post=8085"},{"taxonomy":"post_tag","embeddable":true,"href":"http:\/\/www.snepfsu-aix.net\/aix\/wp-json\/wp\/v2\/tags?post=8085"}],"curies":[{"name":"wp","href":"https:\/\/api.w.org\/{rel}","templated":true}]}}