{"id":8076,"date":"2023-03-31T15:06:27","date_gmt":"2023-03-31T13:06:27","guid":{"rendered":"http:\/\/www.snepfsu-aix.net\/aix\/?p=8076"},"modified":"2023-03-31T15:06:28","modified_gmt":"2023-03-31T13:06:28","slug":"gestes-professionnels-le-snep-rencontre-les-ipr-eps","status":"publish","type":"post","link":"http:\/\/www.snepfsu-aix.net\/aix\/gestes-professionnels-le-snep-rencontre-les-ipr-eps\/","title":{"rendered":"Gestes professionnels: le SNEP rencontre les IPR EPS"},"content":{"rendered":"\n<p align=\"JUSTIFY\"><span style=\"font-size: medium;\">Le SNEP\/FSU Aix-Marseille a rencontr\u00e9 les IPR EPS de l\u2019acad\u00e9mie le jeudi 9 mars. Ce groupe de travail fait su<\/span><span style=\"font-size: medium;\">ite aux \u00e9changes entre le corps d&rsquo;inspection et le SNEP l&rsquo;ann\u00e9e derni\u00e8re et \u00e0<\/span><span style=\"font-size: medium;\"> la lettre de rentr\u00e9e 2022 qui soulignait <\/span><span style=\"font-size: medium;\"><b>les probl\u00e8mes de mise en cause r\u00e9guliers des enseignants d\u2019EPS dans l\u2019exercice de leur m\u00e9tier.<\/b><\/span><\/p>\n<p align=\"JUSTIFY\"><a href=\"http:\/\/www.snepfsu-aix.net\/aix\/wp-content\/uploads\/2023\/03\/Article-Groupe-de-travail-sur-les-gestes-professionnels-SR.pdf\">LIRE LE COMPTE RENDU DES ECHANGES<\/a><\/p>\n","protected":false},"excerpt":{"rendered":"<p>Le SNEP\/FSU Aix-Marseille a rencontr\u00e9 les IPR EPS de l\u2019acad\u00e9mie le jeudi 9 mars. Ce groupe de travail fait suite<\/p>\n","protected":false},"author":2,"featured_media":0,"comment_status":"closed","ping_status":"open","sticky":false,"template":"","format":"standard","meta":{"footnotes":""},"categories":[1],"tags":[],"class_list":["post-8076","post","type-post","status-publish","format-standard","hentry","category-non-classe"],"_links":{"self":[{"href":"http:\/\/www.snepfsu-aix.net\/aix\/wp-json\/wp\/v2\/posts\/8076","targetHints":{"allow":["GET"]}}],"collection":[{"href":"http:\/\/www.snepfsu-aix.net\/aix\/wp-json\/wp\/v2\/posts"}],"about":[{"href":"http:\/\/www.snepfsu-aix.net\/aix\/wp-json\/wp\/v2\/types\/post"}],"author":[{"embeddable":true,"href":"http:\/\/www.snepfsu-aix.net\/aix\/wp-json\/wp\/v2\/users\/2"}],"replies":[{"embeddable":true,"href":"http:\/\/www.snepfsu-aix.net\/aix\/wp-json\/wp\/v2\/comments?post=8076"}],"version-history":[{"count":1,"href":"http:\/\/www.snepfsu-aix.net\/aix\/wp-json\/wp\/v2\/posts\/8076\/revisions"}],"predecessor-version":[{"id":8078,"href":"http:\/\/www.snepfsu-aix.net\/aix\/wp-json\/wp\/v2\/posts\/8076\/revisions\/8078"}],"wp:attachment":[{"href":"http:\/\/www.snepfsu-aix.net\/aix\/wp-json\/wp\/v2\/media?parent=8076"}],"wp:term":[{"taxonomy":"category","embeddable":true,"href":"http:\/\/www.snepfsu-aix.net\/aix\/wp-json\/wp\/v2\/categories?post=8076"},{"taxonomy":"post_tag","embeddable":true,"href":"http:\/\/www.snepfsu-aix.net\/aix\/wp-json\/wp\/v2\/tags?post=8076"}],"curies":[{"name":"wp","href":"https:\/\/api.w.org\/{rel}","templated":true}]}}