{"id":8064,"date":"2023-03-30T15:09:19","date_gmt":"2023-03-30T13:09:19","guid":{"rendered":"http:\/\/www.snepfsu-aix.net\/aix\/?p=8064"},"modified":"2023-03-30T15:30:04","modified_gmt":"2023-03-30T13:30:04","slug":"unss-13-2-postes-a-pourvoir","status":"publish","type":"post","link":"http:\/\/www.snepfsu-aix.net\/aix\/unss-13-2-postes-a-pourvoir\/","title":{"rendered":"UNSS 13: 2 postes \u00e0 pourvoir"},"content":{"rendered":"\n<p><img loading=\"lazy\" decoding=\"async\" class=\"alignleft\" src=\"http:\/\/www.snepfsu-aix.net\/aix\/wp-content\/uploads\/2020\/11\/logo-UNSS.png\" alt=\"\" width=\"323\" height=\"189\" \/>Nous souhaitons vous transmettre le message du service d\u00e9partemental UNSS 13 \u00e9mis le 23\/03\/2023 dont le SNEP FSU se fait le relais. En effet, le sport scolaire est une dimension essentielle du m\u00e9tier de professeur d&rsquo;EPS auquel le SNEP est attach\u00e9. De plus, nous mettons tout en oeuvre pour obtenir l&rsquo;ouverture d&rsquo;un 3\u00e8me poste de directeur d\u00e9partemental dans le 13.\u00a0<\/p>\n<p><span style=\"text-decoration: underline;\">Et cela pour plusieurs raisons:<\/span><\/p>\n<ul>\n<li>Le 13 est le 2\u00e8me d\u00e9partement de France en terme de licenci\u00e9s. Dans d&rsquo;autres SDUNSS similaires, il y a 3 directeurs.<\/li>\n<li>D&rsquo;autre part, le d\u00e9partement abrite des populations tr\u00e8s d\u00e9favoris\u00e9es (parmi les plus pauvres d&rsquo;Europe). Nous savons tr\u00e8s bien que le sport scolaire est souvent le seul moyen de pratique sportive pour eux et notamment les filles de ces quartiers.<\/li>\n<li>De plus, le 13 sera en 2024 un d\u00e9partement olympique et en 2023, h\u00f4te de la coupe du monde rugby. Il est inconcevable que le SD UNSS ne soit pas pleinement dot\u00e9 et op\u00e9rationnel.<\/li>\n<\/ul>\n<p>Le SNEP-FSU est intervenu en ce sens lors du dernier CDUNSS du 28 f\u00e9vrier 2023, et va interpeller le Recteur et le DASEN 13.<\/p>\n<p><span style=\"text-decoration: underline;\">Voici le message du SDUNSS 13:\u00a0<\/span><\/p>\n<p style=\"font-weight: 400;\">\u00ab\u00a0<em>Chers Coll\u00e8gues,<\/em><\/p>\n<p style=\"font-weight: 400;\"><em>nous vous informons de la vacance des deux postes de directeur du service d\u00e9partemental UNSS des Bouches du Rh\u00f4ne (celui de Philippe Gonzalez et de Jacques Kremer) \u00e0 la rentr\u00e9e 2023-24. Une annonce a \u00e9t\u00e9 faite en ce sens au dernier conseil d\u00e9partemental de l\u2019UNSS, qui s\u2019est tenu mardi 28 f\u00e9vrier dernier.<\/em><\/p>\n<p style=\"font-weight: 400;\"><em>Un prochain BOEN va officialiser l\u2019annonce que nous vous faisons ici en publiant la liste des postes UNSS vacants \u00e0 la rentr\u00e9e 2023-24, et d\u00e9taillera la proc\u00e9dure de candidature.<\/em><\/p>\n<p style=\"font-weight: 400;\"><em>Un ou deux recrutements au sein du d\u00e9partement serait une bonne chose pour la p\u00e9rennit\u00e9 des actions entreprises jusqu\u2019ici.<\/em><\/p>\n<p style=\"font-weight: 400;\"><em>Nous vous invitons \u00e0 revenir vers nous si une candidature \u00e0 l\u2019un de ces postes vous motive.<\/em><\/p>\n<p style=\"font-weight: 400;\"><em>Nous vous donnerons toutes les informations utiles et vous accompagnerons dans votre d\u00e9marche de candidature et prise de fonction.<\/em><\/p>\n<p style=\"font-weight: 400;\"><em>Bien cordialement,\u00a0\u00bb<\/em><\/p>\n<p>\u00a0<\/p>\n","protected":false},"excerpt":{"rendered":"<p>Nous souhaitons vous transmettre le message du service d\u00e9partemental UNSS 13 \u00e9mis le 23\/03\/2023 dont le SNEP FSU se fait<\/p>\n","protected":false},"author":2,"featured_media":0,"comment_status":"closed","ping_status":"open","sticky":false,"template":"","format":"standard","meta":{"footnotes":""},"categories":[1],"tags":[],"class_list":["post-8064","post","type-post","status-publish","format-standard","hentry","category-non-classe"],"_links":{"self":[{"href":"http:\/\/www.snepfsu-aix.net\/aix\/wp-json\/wp\/v2\/posts\/8064","targetHints":{"allow":["GET"]}}],"collection":[{"href":"http:\/\/www.snepfsu-aix.net\/aix\/wp-json\/wp\/v2\/posts"}],"about":[{"href":"http:\/\/www.snepfsu-aix.net\/aix\/wp-json\/wp\/v2\/types\/post"}],"author":[{"embeddable":true,"href":"http:\/\/www.snepfsu-aix.net\/aix\/wp-json\/wp\/v2\/users\/2"}],"replies":[{"embeddable":true,"href":"http:\/\/www.snepfsu-aix.net\/aix\/wp-json\/wp\/v2\/comments?post=8064"}],"version-history":[{"count":3,"href":"http:\/\/www.snepfsu-aix.net\/aix\/wp-json\/wp\/v2\/posts\/8064\/revisions"}],"predecessor-version":[{"id":8069,"href":"http:\/\/www.snepfsu-aix.net\/aix\/wp-json\/wp\/v2\/posts\/8064\/revisions\/8069"}],"wp:attachment":[{"href":"http:\/\/www.snepfsu-aix.net\/aix\/wp-json\/wp\/v2\/media?parent=8064"}],"wp:term":[{"taxonomy":"category","embeddable":true,"href":"http:\/\/www.snepfsu-aix.net\/aix\/wp-json\/wp\/v2\/categories?post=8064"},{"taxonomy":"post_tag","embeddable":true,"href":"http:\/\/www.snepfsu-aix.net\/aix\/wp-json\/wp\/v2\/tags?post=8064"}],"curies":[{"name":"wp","href":"https:\/\/api.w.org\/{rel}","templated":true}]}}