{"id":7738,"date":"2023-03-03T14:54:04","date_gmt":"2023-03-03T13:54:04","guid":{"rendered":"http:\/\/www.snepfsu-aix.net\/aix\/?p=7738"},"modified":"2023-03-03T19:09:40","modified_gmt":"2023-03-03T18:09:40","slug":"conseil-acad-de-len-eps-et-les-lycees-en-paca","status":"publish","type":"post","link":"http:\/\/www.snepfsu-aix.net\/aix\/conseil-acad-de-len-eps-et-les-lycees-en-paca\/","title":{"rendered":"Conseil Acad de l&rsquo;EN: EPS et les lyc\u00e9es en PACA"},"content":{"rendered":"\n<p><strong><img loading=\"lazy\" decoding=\"async\" class=\"alignleft\" src=\"http:\/\/www.snepfsu-aix.net\/aix\/wp-content\/uploads\/2023\/03\/C.A.E.N.png\" alt=\"\" width=\"365\" height=\"199\" \/>CAEN du 28\/02\/2023, <\/strong><strong>Conseil r\u00e9gional, Marseille<\/strong><\/p>\n<p>Le CAEN (Conseil Acad\u00e9mique de l\u2019Education Nationale) est une instance consultative du conseil r\u00e9gional sur les questions d\u2019\u00e9ducation. Le SNEP,\u00a0 y si\u00e8ge et d\u00e9fend les int\u00e9r\u00eats des professeurs d\u2019EPS au niveau de la r\u00e9gion (lyc\u00e9es, carte des formations\u2026).<\/p>\n<p>La d\u00e9l\u00e9gation FSU dans sa d\u00e9claration liminaire a tenu \u00e0 rendre hommage \u00e0 notre coll\u00e8gue assassin\u00e9e \u00e0 Saint Jean de Luz. La FSU a \u00e9galement soulign\u00e9 la progression des \u00e9tablissements priv\u00e9s dans l&rsquo;attribution des voeux de parcoursup (14% \u00e0 22%).\u00a0<\/p>\n<p><u>Plusieurs points ont \u00e9t\u00e9 abord\u00e9s lors du CAEN\u00a0du 28\u00a002\/2023\u00a0:<\/u><\/p>\n<p><strong>1\/ \u00c9volution de la carte des formations professionnelles \u00e0 la rentr\u00e9e scolaire 2023.<\/strong><\/p>\n<p><strong>2\/ Retour sur la r\u00e9forme de la dotation de fonctionnement:<\/strong> Nouvelle r\u00e8gle de calcul pour le fonctionnement financier (mat\u00e9riel et p\u00e9da) des lyc\u00e9es. Le calcul prend d\u00e9sormais\u00a0 en compte la superficie de l\u2019\u00e9tablissement, les effectifs et les types de formations dispens\u00e9es pour un effectuer un calcul au plus pr\u00e8s de la r\u00e9alit\u00e9.<\/p>\n<p><strong>3\/ Surco\u00fbts \u00e9nerg\u00e9tiques 2023 et plan de sobri\u00e9t\u00e9<\/strong>: Surco\u00fbt de 93 millions d\u2019euros en r\u00e9gion PACA rien que pour les frais de fonctionnement des lyc\u00e9es (\u00e9nergies, restaurations). Conseil r\u00e9gional compense le l\u2019augmentation du prix du gaz, gel du prix de la restauration.\u00a0 Le CR s\u2019engage dans un plan de sobri\u00e9t\u00e9 \u00e9nerg\u00e9tique. Plan local de sobri\u00e9t\u00e9 mise en place dans les lyc\u00e9es (fiches \u00e0 remplir).<\/p>\n<p><span style=\"color: #ff0000;\">Le SNEP-FSU est intervenu pour demander un vrai plan de constructions et r\u00e9novations des \u00e9quipements sportifs de la r\u00e9gion afin de r\u00e9pondre au contexte de crise climatique et de crise de hausse du co\u00fbt de l\u2019\u00e9nergie. L\u2019\u00e9tat doit redevenir le levier structurant la transition environnementale, pour cela le SNEP-FSU r\u00e9clame un financement par l\u2019\u00e9tat \u00e0 hauteur de 50% pour toutes nouvelles constructions et r\u00e9novations. En effet, le d\u00e9cret tertiaire de juillet 2019 pr\u00e9cise les actions \u00e0 mener pour r\u00e9duire l\u2019empreinte carbone des espaces sportifs tr\u00e8s \u00e9nergivores (24% des conso d\u2019\u00e9nergie des communes, 53% au niveau des intercommunalit\u00e9s). L\u2019objectif est d\u2019atteindre 80% des gymnases et piscines r\u00e9nov\u00e9s d\u2019ici 2030, et une neutralit\u00e9 carbone d\u2019ici 2050 (accord de Paris). \u00a0Tous les \u00e9quipements ant\u00e9rieurs \u00e0 l\u2019an 2000 sont concern\u00e9s. Pour info, 85% des \u00e9quipements sportifs datent d\u2019avant 2005. 2\/3 des piscines construites avant 1995.<\/span><\/p>\n<p><span style=\"color: #ff0000;\">Le SNEP-FSU r\u00e9clame \u00e9galement l\u2019implantation des \u00e9quipements sportifs intra muros ou \u00e0 proximit\u00e9 imm\u00e9diate des \u00e9tablissements scolaires. Nous sommes pour la mutualisation des \u00e9quipements afin de permettre au plus grande nombre d\u2019acc\u00e9der \u00e0 la pratique sportive (EPS, sport scolaire, club). Et nous avons rappel\u00e9 au Conseil r\u00e9gional que le SNEP-FSU a \u00e9dit\u00e9 un R\u00e9f\u00e9rentiel des \u00e9quipements sportifs En transition environnemental. Nous nous tenons \u00e0 disposition du conseil r\u00e9gional pour lui pr\u00e9senter ce r\u00e9f\u00e9rentiel et apporter notre expertise de professeur d\u2019EPS de ce domaine<\/span>:<a href=\"https:\/\/lesite.snepfsu.fr\/mon-metier\/equipements\/les-referentiels-du-snep-fsu\/reset-du-snep-fsu\/\"> https:\/\/lesite.snepfsu.fr\/mon-metier\/equipements\/les-referentiels-du-snep-fsu\/reset-du-snep-fsu\/<\/a><\/p>\n<p>\u00a0<\/p>\n<p><strong>4\/ Liste annuelle des op\u00e9rations de construction ou d\u2019extension des coll\u00e8ges et des lyc\u00e9es dans la r\u00e9gion Provence-Alpes-C\u00f4te d\u2019Azur pour la rentr\u00e9e 2023:<\/strong> Fin des travaux du plateau sportif au coll\u00e8ge Versailles. Interrogation sur le lieu de la construction du lyc\u00e9e de Lambesc. Pour le Recteur, la construction du lyc\u00e9e aura lieu mais pas forc\u00e9ment \u00e0 Lambesc. Construction entre Lambesc et Salon pour r\u00e9pondre au mieux \u00e0 la pression d\u00e9mographique.<\/p>\n<p>La r\u00e9novation de la piscine intra muros du lyc\u00e9e de Marseilleveyre a \u00e9t\u00e9 abord\u00e9e en CAEN. Travaux vot\u00e9s en 2020 mais rien n\u2019est fait depuis. La r\u00e9gion a r\u00e9pondu que les travaux sont bien pr\u00e9vus et seront r\u00e9alis\u00e9s.<\/p>\n<p><strong>5\/ Labellisation \u00ab lyc\u00e9e des m\u00e9tiers \u00bb en 2022 dans la r\u00e9gion acad\u00e9mique Provence-Alpes-C\u00f4te d\u2019Azur<\/strong><\/p>\n<p><br \/><strong>6\/ Point d\u2019information sur la cit\u00e9 internationale de Marseille<\/strong><\/p>\n<p><br \/><strong>7\/ Projet pluriannuel de transformation de la carte des formations professionnelles dans la r\u00e9gion acad\u00e9mique de Provence-Alpes-C\u00f4te d\u2019Azur (France 2030, appel \u00e0 manifestation d\u2019int\u00e9r\u00eat \u00abcomp\u00e9tences et m\u00e9tiers d\u2019avenir \u00bb)<\/strong><\/p>\n<p>\u00a0<\/p>\n<p>Si vous avez des besoins de pr\u00e9cisions sur l\u2019un des 7 points de l\u2019ordre du jour, n\u2019h\u00e9sitez pas \u00e0 contacter par mail votre repr\u00e9sentant SNEP au CAEN (Jean CUGIER)\u00a0: s3-aix@snepfsu-net <br \/><br \/><\/p>\n<p>\u00a0<\/p>\n","protected":false},"excerpt":{"rendered":"<p>CAEN du 28\/02\/2023, Conseil r\u00e9gional, Marseille Le CAEN (Conseil Acad\u00e9mique de l\u2019Education Nationale) est une instance consultative du conseil r\u00e9gional<\/p>\n","protected":false},"author":2,"featured_media":0,"comment_status":"closed","ping_status":"open","sticky":false,"template":"","format":"standard","meta":{"footnotes":""},"categories":[1],"tags":[],"class_list":["post-7738","post","type-post","status-publish","format-standard","hentry","category-non-classe"],"_links":{"self":[{"href":"http:\/\/www.snepfsu-aix.net\/aix\/wp-json\/wp\/v2\/posts\/7738","targetHints":{"allow":["GET"]}}],"collection":[{"href":"http:\/\/www.snepfsu-aix.net\/aix\/wp-json\/wp\/v2\/posts"}],"about":[{"href":"http:\/\/www.snepfsu-aix.net\/aix\/wp-json\/wp\/v2\/types\/post"}],"author":[{"embeddable":true,"href":"http:\/\/www.snepfsu-aix.net\/aix\/wp-json\/wp\/v2\/users\/2"}],"replies":[{"embeddable":true,"href":"http:\/\/www.snepfsu-aix.net\/aix\/wp-json\/wp\/v2\/comments?post=7738"}],"version-history":[{"count":2,"href":"http:\/\/www.snepfsu-aix.net\/aix\/wp-json\/wp\/v2\/posts\/7738\/revisions"}],"predecessor-version":[{"id":7744,"href":"http:\/\/www.snepfsu-aix.net\/aix\/wp-json\/wp\/v2\/posts\/7738\/revisions\/7744"}],"wp:attachment":[{"href":"http:\/\/www.snepfsu-aix.net\/aix\/wp-json\/wp\/v2\/media?parent=7738"}],"wp:term":[{"taxonomy":"category","embeddable":true,"href":"http:\/\/www.snepfsu-aix.net\/aix\/wp-json\/wp\/v2\/categories?post=7738"},{"taxonomy":"post_tag","embeddable":true,"href":"http:\/\/www.snepfsu-aix.net\/aix\/wp-json\/wp\/v2\/tags?post=7738"}],"curies":[{"name":"wp","href":"https:\/\/api.w.org\/{rel}","templated":true}]}}