{"id":7583,"date":"2023-01-16T19:21:51","date_gmt":"2023-01-16T18:21:51","guid":{"rendered":"http:\/\/www.snepfsu-aix.net\/aix\/?p=7583"},"modified":"2023-01-16T19:21:53","modified_gmt":"2023-01-16T18:21:53","slug":"mise-en-disponibilite","status":"publish","type":"post","link":"http:\/\/www.snepfsu-aix.net\/aix\/mise-en-disponibilite\/","title":{"rendered":"Mise en disponibilit\u00e9"},"content":{"rendered":"\n<div class=\"texteencadre-spip spip\">\n<h3 class=\"spip\">En attente de la circulaire acad\u00e9mique pour la RS 2023<\/h3>\n<\/div>\n<p>\u00a0<\/p>\n<p>La disponibilit\u00e9 est la position du fonctionnaire qui, plac\u00e9 hors de son administration ou service d\u2019origine, cesse de b\u00e9n\u00e9ficier de ses droits \u00e0 l\u2019avancement et \u00e0 la retraite.<\/p>\n<h3 class=\"spip\">De droit ou sur autorisation<small class=\"fine\">\u00a0<\/small>?<\/h3>\n<p><strong>\u2022 Elle est de droit pour\u00a0:<\/strong><br class=\"autobr\" \/>\u2013 donner des soins au conjoint, \u00e0 un enfant ou \u00e0 un ascendant \u00e0 la suite d\u2019un accident ou d\u2019une maladie grave<small class=\"fine\">\u00a0<\/small>;<br class=\"autobr\" \/>\u2013 \u00e9lever un enfant de moins de 8 ans<small class=\"fine\">\u00a0<\/small>;<br class=\"autobr\" \/>\u2013 donner des soins \u00e0 un enfant \u00e0 charge, au conjoint ou \u00e0 un ascendant atteint d\u2019un handicap n\u00e9cessitant la pr\u00e9sence d\u2019une tierce personne<small class=\"fine\">\u00a0<\/small>;<br class=\"autobr\" \/>\u2013 suivre son conjoint.<br class=\"autobr\" \/>Pour ces quatre motifs, elle est renouvelable aussi longtemps que les conditions requises sont remplies.<\/p>\n<p><strong>\u2022 Elle peut \u00eatre accord\u00e9e par le recteur pour\u00a0:<\/strong><br class=\"autobr\" \/>\u2013 \u00e9tudes ou recherches pr\u00e9sentant un int\u00e9r\u00eat g\u00e9n\u00e9ral.<br class=\"autobr\" \/>\u2013 convenances personnelles.<br class=\"autobr\" \/>\u2013 exercer dans une entreprise publique ou priv\u00e9e, une activit\u00e9 d\u2019int\u00e9r\u00eat public\u00a0: il faut avoir au moins dix ann\u00e9es de services effectifs dans l\u2019administration.<br class=\"autobr\" \/>Pour ces trois motifs, six ans maximum sur l\u2019ensemble de la carri\u00e8re.<br class=\"autobr\" \/>\u2013 cr\u00e9er ou reprendre une entreprise. Deux ans maximum. Il faut avoir au moins trois ans de services effectifs (sauf dispositions des statuts particuliers pr\u00e9voyant une dur\u00e9e sup\u00e9rieure).<\/p>\n<p><strong>\u2022 Elle est attribu\u00e9e d\u2019office\u00a0<\/strong>\u00a0: apr\u00e8s \u00e9puisement des droits \u00e0 cong\u00e9s de maladie. Un an, renouvelable deux fois (ou trois sur avis du comit\u00e9 m\u00e9dical).<\/p>\n<p><strong>NB. Si vous \u00eates stagiaire cette ann\u00e9e scolaire<\/strong>, sachez que les disponibilit\u00e9s, sauf pour exercer dans une entreprise, d\u00e9pendent des recteurs. Il faut donc vous adresser d\u00e8s les r\u00e9sultats de la phase \u00ab<small class=\"fine\">\u00a0<\/small>inter<small class=\"fine\">\u00a0<\/small>\u00bb du mouvement au recteur de\u00a0<strong>l\u2019acad\u00e9mie dans laquelle vous \u00eates affect\u00e9(e)<\/strong>\u00a0pour d\u00e9poser une demande.<\/p>\n<p>Prenez contact \u00e9galement avec la section acad\u00e9mique du SNEP d&rsquo;Aix-Marseille: corpo-aix@snepfsu.net\u00a0<\/p>\n<p>Le fonctionnaire en disponibilit\u00e9 cesse de b\u00e9n\u00e9ficier de sa r\u00e9mun\u00e9ration, et selon les cas, de ses droits \u00e0 l\u2019avancement et \u00e0 la retraite.<\/p>\n<blockquote class=\"spip\">\n<p><strong>La disponibilit\u00e9 entra\u00eene la perte du poste occup\u00e9 jusqu\u2019alors ou obtenu lors de la phase intra-acad\u00e9mique.<\/strong><\/p>\n<\/blockquote>\n<p><strong>Et la non-activit\u00e9 pour \u00e9tudes ou \u00ab<small class=\"fine\">\u00a0<\/small>cong\u00e9 pour \u00e9tudes<small class=\"fine\">\u00a0<\/small>\u00bb<small class=\"fine\">\u00a0<\/small>?<\/strong><br class=\"autobr\" \/>Ce cong\u00e9, non r\u00e9mun\u00e9r\u00e9, peut \u00eatre accord\u00e9 pour la poursuite d\u2019\u00e9tudes dans la discipline (agr\u00e9gation, master, doctorat). Il implique le versement de la cotisation pour la retraite aff\u00e9rente \u00e0 l\u2019indice de traitement acquis avant son d\u00e9but. La demande doit \u00eatre adress\u00e9e au recteur apr\u00e8s la phase interacad\u00e9mique au moment de la formulation des v\u0153ux intra-acad\u00e9miques.<\/p>\n<h3 class=\"spip\">Quand la demander<small class=\"fine\">\u00a0<\/small>?<\/h3>\n<p>Lorsque votre mise en disponibilit\u00e9 est accord\u00e9e sous r\u00e9serve des n\u00e9cessit\u00e9s de service, votre demande doit \u00eatre d\u00e9pos\u00e9e\u00a0<strong>3 mois avant la date souhait\u00e9e<\/strong>. Elle est consid\u00e9r\u00e9e comme accept\u00e9e si l\u2019administration ne r\u00e9pond pas dans les 2 mois suivant la date de r\u00e9ception de votre courrier.<\/p>\n<p><strong>Lorsque la mise en disponibilit\u00e9 est de droit, aucun texte ne fixe de d\u00e9lai pour faire la demande.<\/strong><\/p>\n<h3 class=\"spip\">R\u00e9mun\u00e9ration et droits<small class=\"fine\">\u00a0<\/small>?<\/h3>\n<p>Vous n\u2019\u00eates plus r\u00e9mun\u00e9r\u00e9 pendant toute la dur\u00e9e de votre disponibilit\u00e9.<\/p>\n<p>Si vous remplissez les conditions pour en b\u00e9n\u00e9ficier, vous pouvez percevoir\u00a0<a class=\"spip_out\" href=\"https:\/\/www.service-public.fr\/particuliers\/vosdroits\/F32485\" rel=\"external\">la prestation partag\u00e9e d\u2019\u00e9ducation de l\u2019enfant (PreParE)<\/a>\u00a0en cas de disponibilit\u00e9 pour \u00e9lever un enfant de moins de 8 ans ou pour donner des soins \u00e0 un enfant handicap\u00e9, accident\u00e9 ou malade.<\/p>\n<p>Si vous cessez votre activit\u00e9 pour donner des soins \u00e0 un ascendant qui per\u00e7oit l\u2019allocation personnalis\u00e9e d\u2019autonomie (Apa) ou la prestation de compensation du handicap (PCH), il peut, sous certaines conditions, utiliser\u00a0<a class=\"spip_out\" href=\"https:\/\/www.service-public.fr\/particuliers\/vosdroits\/F32794\" rel=\"external\">cette prestation pour vous r\u00e9mun\u00e9rer<\/a>.<\/p>\n<p>Pendant votre disponibilit\u00e9, vous ne b\u00e9n\u00e9ficiez plus\u00a0:<\/p>\n<ul class=\"spip\">\n<li>des cong\u00e9s bonifi\u00e9s,<\/li>\n<li>des cong\u00e9s de maladie ordinaire, de longue maladie ou de longue dur\u00e9e,<\/li>\n<li>des cong\u00e9s de maternit\u00e9 ou d\u2019adoption,<\/li>\n<li>du cong\u00e9 de paternit\u00e9 et d\u2019accueil de l\u2019enfant,<\/li>\n<li>du cong\u00e9 de formation professionnelle,<\/li>\n<li>du cong\u00e9 pour validation des acquis de l\u2019exp\u00e9rience professionnelle,<\/li>\n<li>du cong\u00e9 pour bilan de comp\u00e9tences,<\/li>\n<li>du cong\u00e9 de solidarit\u00e9 familiale,<\/li>\n<li>du cong\u00e9 pour formation syndicale,<\/li>\n<li>du cong\u00e9 parental.<\/li>\n<\/ul>\n<p>Si vous exercez une activit\u00e9, vous relevez du r\u00e9gime de protection sociale de votre nouvelle activit\u00e9 professionnelle.<\/p>\n<p>Pour certaines prestations, vous pouvez continuer de relever de l\u2019ancien r\u00e9gime d\u2019assurance maladie\u00a0:<\/p>\n<ul class=\"spip\">\n<li>en cas de maladie, le versement des prestations en nature (remboursement de frais m\u00e9dicaux) rel\u00e8ve du r\u00e9gime auquel vous \u00e9tiez affili\u00e9 \u00e0 la date des soins. Le versement des prestations en esp\u00e8ces (indemnit\u00e9s journali\u00e8res) rel\u00e8ve du r\u00e9gime auquel vous \u00e9tiez affili\u00e9 \u00e0 la date de l\u2019arr\u00eat de travail<small class=\"fine\">\u00a0<\/small>;<\/li>\n<li>en cas de maternit\u00e9, le versement des prestations en esp\u00e8ces rel\u00e8ve du r\u00e9gime auquel vous \u00e9tiez affili\u00e9 au 1<sup class=\"typo_exposants\">er<\/sup>\u00a0jour du 9m\u00e8 mois pr\u00e9c\u00e9dant la date pr\u00e9sum\u00e9e de l\u2019accouchement ou au d\u00e9but du repos pr\u00e9natal<small class=\"fine\">\u00a0<\/small>;<\/li>\n<li>en cas d\u2019invalidit\u00e9, le versement des prestations en esp\u00e8ces rel\u00e8ve du r\u00e9gime auquel vous \u00e9tiez affili\u00e9 \u00e0 la date de l\u2019arr\u00eat de travail, de l\u2019accident ou de la constatation m\u00e9dicale de l\u2019\u00e9tat d\u2019invalidit\u00e9 r\u00e9sultant de l\u2019usure pr\u00e9matur\u00e9e de l\u2019organisme.<\/li>\n<\/ul>\n<p>Si vous \u00eates sans activit\u00e9, vous b\u00e9n\u00e9ficiez d\u2019un maintien de vos droits aux prestations en esp\u00e8ces (indemnit\u00e9s journali\u00e8res) et en nature (remboursement de frais m\u00e9dicaux) du r\u00e9gime sp\u00e9cial d\u2019assurance maladie des fonctionnaires pendant 1 an. L\u2019organisme versant vos prestations maladie est le m\u00eame que celui qui les versait avant votre disponibilit\u00e9.<\/p>\n<p>\u00c0 l\u2019issue du d\u00e9lai d\u2019un an, vous devez demander la\u00a0<a class=\"spip_out\" href=\"https:\/\/www.service-public.fr\/particuliers\/vosdroits\/F34308\" rel=\"external\">protection maladie universelle (puma)<\/a>.<\/p>\n<h3 class=\"spip\">Droits \u00e0 l\u2019avancement et \u00e0 la retraite\u00a0:<\/h3>\n<p>Seule la disponibilit\u00e9 de droit pour \u00e9lever un enfant de moins de 8 ans permet une prise en compte gratuite de douze trimestres dans le calcul de la dur\u00e9e des services valables pour la retraite.<\/p>\n<p><strong>Disponibilit\u00e9s de droit<\/strong><br class=\"autobr\" \/>\u2022 Pour \u00e9lever un enfant de moins de 12 ans\u00a0: 3 ans maximum renouvelables jusqu\u2019aux 12 ans de l\u2019enfant. Sans traitement, droits \u00e0 l\u2019avancement d\u2019\u00e9chelon ou de grade maintenu pendant 5 ans maximum. En cas de cong\u00e9 parental pris avant la dispo, sa dur\u00e9e est incluse dans les 5 ans.<br class=\"autobr\" \/>\u2022 Pour donner des soins \u00e0 un proche (ascendant, enfant ou conjoint)\u00a0: 3 ans maximum renouvelables tant que la pr\u00e9sence d\u2019une tierce personne se justifie.<br class=\"autobr\" \/>Sans traitement ni maintien des droits \u00e0 avancement de grade ou d\u2019\u00e9chelon SAUF si vous exercez une activit\u00e9 professionnelle (voir conditions ci-dessous) qui permet de b\u00e9n\u00e9ficier du maintien durant 5 ans.<br class=\"autobr\" \/>\u2022 Pour suivre son conjoint ou partenaire de Pacs\u00a0: 3 ans maximum renouvelables si les conditions requises pour l\u2019obtenir sont toujours remplies.<br class=\"autobr\" \/>Sans traitement ni maintien des droits \u00e0 avancement de grade ou d\u2019\u00e9chelon SAUF si vous exercez une activit\u00e9 professionnelle (voir conditions ci-dessous) qui permet de b\u00e9n\u00e9ficier du maintien durant 5 ans.<br class=\"autobr\" \/>\u2022 Pour adoption d\u2019enfant(s) dans les COM ou \u00e0 l\u2019\u00e9tranger\u00a0: ne peut exc\u00e9der 6 semaines par agr\u00e9ment d\u2019adoption.<br class=\"autobr\" \/>Sans traitement. Pas de maintien des droits \u00e0 avancement d\u2019\u00e9chelon ou de grade.<br class=\"autobr\" \/>\u2022 Pour exercer un mandat d\u2019\u00e9lu local\u00a0: dur\u00e9e du mandat.<br class=\"autobr\" \/>Sans traitement. Pas de maintien des droits \u00e0 avancement d\u2019\u00e9chelon ou de grade.<\/p>\n<p><strong>Disponibilit\u00e9s pour convenances personnelles<\/strong><br class=\"autobr\" \/>\u2022 Pour \u00e9tudes ou recherches d\u2019int\u00e9r\u00eat g\u00e9n\u00e9ral\u00a0: 3 ans renouvelables une fois.<br class=\"autobr\" \/>Sans traitement ni maintien des droits \u00e0 avancement de grade ou d\u2019\u00e9chelon SAUF si vous exercez une activit\u00e9 professionnelle (voir conditions ci-dessous) qui permet de b\u00e9n\u00e9ficier du maintien durant 5 ans.<br class=\"autobr\" \/>\u2022 Pour convenances personnelles\u00a0: 5 ans maximum, renouvelables dans la limite de 10 ans sur la carri\u00e8re \u00e0 condition de r\u00e9int\u00e9grer 18 mois \u00e0 la fin de la p\u00e9riode de 5 ans.<br class=\"autobr\" \/>Si cette disponibilit\u00e9 fait suite \u00e0 une autre pour cr\u00e9ation d\u2019entreprise (2 ans), elle ne peut \u00eatre accord\u00e9e que pour 3 ans avant de devoir r\u00e9int\u00e9grer 18 mois. Ensuite, le renouvellement est possible pour 5 ans maximum.<br class=\"autobr\" \/>Sans traitement ni maintien des droits \u00e0 avancement de grade ou d\u2019\u00e9chelon SAUF si vous exercez une activit\u00e9 professionnelle (voir conditions ci-dessous) qui permet de b\u00e9n\u00e9ficier du maintien durant 5 ans.<br class=\"autobr\" \/>\u2022 Pour cr\u00e9er ou reprendre une entreprise (art. L5141-1 du Code du Travail)\u00a0: 2 ans maximum non renouvelables.<br class=\"autobr\" \/>Sans traitement mais droit \u00e0 avancement d\u2019\u00e9chelon et de grade maintenus.<\/p>\n<h3 class=\"spip\">Conditions pour le maintien des droits \u00e0 avancement d\u2019\u00e9chelon et de grade\u00a0:<\/h3>\n<p>\u2022 Pour une activit\u00e9 salari\u00e9e\u00a0: exercer au moins 600H par an.<br class=\"autobr\" \/>\u2022 Pour une activit\u00e9 ind\u00e9pendante (dont auto entrepreneur ou micro-entreprise)\u00a0: le revenu brut annuel g\u00e9n\u00e9r\u00e9 doit repr\u00e9senter au moins un salaire qui permet de valider 4 trimestres au titre de l\u2019assurance vieillesse soit 6150 \u20ac en 2021.<br class=\"autobr\" \/>\u2022 Pour les cr\u00e9ateurs ou repreneurs d\u2019entreprise\u00a0: il faut justifier la cr\u00e9ation ou la reprise de l\u2019entreprise (aucune condition de revenu).<\/p>\n<h3 class=\"spip\">Exercer un emploi pendant sa disponibilit\u00e9<small class=\"fine\">\u00a0<\/small>?<\/h3>\n<p>Vous pouvez travailler\u00a0<strong>dans une autre administration<\/strong>\u00a0en tant que contractuel si vous \u00eates en disponibilit\u00e9\u00a0:<\/p>\n<ul class=\"spip\">\n<li>pour convenances personnelles,<\/li>\n<li>pour suivre votre \u00e9poux(se) ou partenaire de Pacs.<\/li>\n<\/ul>\n<p>Vous pouvez travailler dans le priv\u00e9 si vous \u00eates en disponibilit\u00e9\u00a0:<\/p>\n<ul class=\"spip\">\n<li>pour convenances personnelles ou pour suivre votre \u00e9poux(se) ou partenaire de Pacs,<\/li>\n<li>pour \u00e9lever un enfant de moins de 8 ans. Vous pouvez exercer une activit\u00e9 accessoire avec l\u2019autorisation de votre administration si cette activit\u00e9 vous permet d\u2019assurer normalement l\u2019\u00e9ducation de votre enfant. L\u2019exercice d\u2019une activit\u00e9 r\u00e9mun\u00e9r\u00e9e pendant les heures de travail scolaire n\u2019est possible que lorsque la disponibilit\u00e9 a \u00e9t\u00e9 accord\u00e9e pour \u00e9lever un enfant en \u00e2ge scolaire.<\/li>\n<\/ul>\n<p>Si vous envisagez de travailler dans le secteur priv\u00e9, la commission de d\u00e9ontologie de la fonction publique doit rendre un avis sur la compatibilit\u00e9 de cette nouvelle activit\u00e9 avec les fonctions que vous avez exerc\u00e9es dans le secteur public au cours des 3 ann\u00e9es pr\u00e9c\u00e9dentes.<\/p>\n<p>Depuis le 1<sup class=\"typo_exposants\">er<\/sup>\u00a0janvier 2016,\u00a0<a class=\"spip_out\" href=\"https:\/\/www.fonction-publique.gouv.fr\/fonction-publique\/demande-commission-deontologie\" rel=\"external\">la saisine du secr\u00e9tariat de la commission de d\u00e9ontologie de la fonction publique pour les demandes de cumul d\u2019activit\u00e9s et de d\u00e9part dans le secteur priv\u00e9 se fait par voie d\u00e9mat\u00e9rialis\u00e9e<\/a>.\u00a0<a class=\"spip_out\" href=\"https:\/\/www.fonction-publique.gouv.fr\/composition-dossier\" rel=\"external\">Un dossier<\/a>\u00a0est \u00e0 fournir en fonction des demandes.<\/p>\n<p>Attention<small class=\"fine\">\u00a0<\/small>! \u00ab\u00a0L\u2019exercice d\u2019une activit\u00e9 priv\u00e9e lucrative pendant la mise en disponibilit\u00e9 est soumis aux r\u00e8gles d\u00e9ontologiques pr\u00e9vues \u00e0 l\u2019article 87 de la loi n\u00b0\u00a093-122 du 29\u00a0janvier 1993 et par le d\u00e9cret n\u00b0\u00a02007-611 du 26\u00a0avril 2007. L\u2019activit\u00e9 ne doit pas porter atteinte \u00e0 la dignit\u00e9 des fonctions pr\u00e9c\u00e9demment exerc\u00e9es et ne doit pas risquer de compromettre le fonctionnement normal, l\u2019ind\u00e9pendance et la neutralit\u00e9 du service. L\u2019inspecteur d\u2019acad\u00e9mie ou le recteur, qui doivent \u00eatre tenus inform\u00e9s un mois au plus tard avant le d\u00e9but de la mise en disponibilit\u00e9 de tout projet d\u2019activit\u00e9 envisag\u00e9 par l\u2019agent, peut saisir la commission de d\u00e9ontologie.<\/p>\n<p>L\u2019administration peut \u00e9galement faire proc\u00e9der aux enqu\u00eates n\u00e9cessaires en vue de s\u2019assurer que l\u2019activit\u00e9 du fonctionnaire mis en disponibilit\u00e9 correspond r\u00e9ellement aux motifs pour lesquels il a \u00e9t\u00e9 plac\u00e9 dans cette position.\u00a0\u00bb\u00a0<a class=\"spip_out\" href=\"https:\/\/www.education.gouv.fr\/cid58017\/vie-professionnelle-et-situation-personnelle-disponibilite.html\" rel=\"external\">Lien vers le site du Minist\u00e8re<\/a><\/p>\n<h3 class=\"spip\">Et apr\u00e8s<small class=\"fine\">\u00a0<\/small>? R\u00e9int\u00e9gration<small class=\"fine\">\u00a0<\/small>? D\u00e9mission<small class=\"fine\">\u00a0<\/small>?<\/h3>\n<p>La demande de r\u00e9int\u00e9gration est \u00e0 formuler\u00a0<strong>avant le 31\u00a0mars pour la rentr\u00e9e suivante<\/strong>. La r\u00e9int\u00e9gration est subordonn\u00e9e \u00e0 la v\u00e9rification par un m\u00e9decin agr\u00e9\u00e9 ou, \u00e9ventuellement, par le comit\u00e9 m\u00e9dical, de l\u2019aptitude \u00e0 la reprise des fonctions.<\/p>\n<p>Les demandes de r\u00e9int\u00e9gration pr\u00e9sent\u00e9es apr\u00e8s le 31\u00a0mars donneront lieu \u00e0 une affectation \u00e0 titre provisoire pour l\u2019ann\u00e9e scolaire suivante selon les besoins de l\u2019acad\u00e9mie. Les int\u00e9ress\u00e9s devront obligatoirement participer au mouvement INTRA au titre de la rentr\u00e9e N+1 pour obtenir un poste d\u00e9finitif.<\/p>\n<p>Vous souhaitez d\u00e9missionner \u00e0 l\u2019issu de votre disponibilit\u00e9<small class=\"fine\">\u00a0<\/small>?\u00a0<a href=\"https:\/\/toulouse.snes.edu\/spip.php?page=article&amp;id_article=1311\">Prenez le temps de r\u00e9fl\u00e9chir<small class=\"fine\">\u00a0<\/small>!<\/a><\/p>\n","protected":false},"excerpt":{"rendered":"<p>En attente de la circulaire acad\u00e9mique pour la RS 2023 \u00a0 La disponibilit\u00e9 est la position du fonctionnaire qui, plac\u00e9<\/p>\n","protected":false},"author":2,"featured_media":0,"comment_status":"closed","ping_status":"open","sticky":false,"template":"","format":"standard","meta":{"footnotes":""},"categories":[1],"tags":[],"class_list":["post-7583","post","type-post","status-publish","format-standard","hentry","category-non-classe"],"_links":{"self":[{"href":"http:\/\/www.snepfsu-aix.net\/aix\/wp-json\/wp\/v2\/posts\/7583","targetHints":{"allow":["GET"]}}],"collection":[{"href":"http:\/\/www.snepfsu-aix.net\/aix\/wp-json\/wp\/v2\/posts"}],"about":[{"href":"http:\/\/www.snepfsu-aix.net\/aix\/wp-json\/wp\/v2\/types\/post"}],"author":[{"embeddable":true,"href":"http:\/\/www.snepfsu-aix.net\/aix\/wp-json\/wp\/v2\/users\/2"}],"replies":[{"embeddable":true,"href":"http:\/\/www.snepfsu-aix.net\/aix\/wp-json\/wp\/v2\/comments?post=7583"}],"version-history":[{"count":1,"href":"http:\/\/www.snepfsu-aix.net\/aix\/wp-json\/wp\/v2\/posts\/7583\/revisions"}],"predecessor-version":[{"id":7584,"href":"http:\/\/www.snepfsu-aix.net\/aix\/wp-json\/wp\/v2\/posts\/7583\/revisions\/7584"}],"wp:attachment":[{"href":"http:\/\/www.snepfsu-aix.net\/aix\/wp-json\/wp\/v2\/media?parent=7583"}],"wp:term":[{"taxonomy":"category","embeddable":true,"href":"http:\/\/www.snepfsu-aix.net\/aix\/wp-json\/wp\/v2\/categories?post=7583"},{"taxonomy":"post_tag","embeddable":true,"href":"http:\/\/www.snepfsu-aix.net\/aix\/wp-json\/wp\/v2\/tags?post=7583"}],"curies":[{"name":"wp","href":"https:\/\/api.w.org\/{rel}","templated":true}]}}