{"id":7242,"date":"2022-10-11T11:28:43","date_gmt":"2022-10-11T09:28:43","guid":{"rendered":"http:\/\/www.snepfsu-aix.net\/aix\/?p=7242"},"modified":"2022-10-11T11:28:45","modified_gmt":"2022-10-11T09:28:45","slug":"lancement-de-la-campagne-des-elections-pro-2022-en-paca","status":"publish","type":"post","link":"http:\/\/www.snepfsu-aix.net\/aix\/lancement-de-la-campagne-des-elections-pro-2022-en-paca\/","title":{"rendered":"Lancement de la campagne des \u00e9lections pro 2022 en PACA"},"content":{"rendered":"\n<p><img loading=\"lazy\" decoding=\"async\" class=\"alignleft\" src=\"http:\/\/www.snepfsu-aix.net\/aix\/wp-content\/uploads\/2022\/10\/PXL_20221011_08490916368048-scaled.jpg\" alt=\"\" width=\"143\" height=\"254\" \/>Mardi 11 octobre 2022, Marseille,<\/p>\n<p>Lors de la r\u00e9union de lancement de la campagne des \u00e9lections professionnelles (1er au 8 d\u00e9cembre 2022), Benoit TESTE (Secr\u00e9taire national de la FSU), a d\u00e9clar\u00e9 que la LTFP (Loi de Transformation de la Fonction Publique) est un <strong><em>\u00ab\u00a0scandale d\u00e9mocratique\u00a0\u00bb<\/em><\/strong> . Les nouvelles \u00e9lections professionnelles de 2022 vont venir asseoir ce recul d\u00e9mocratique. En effet, la LTFP introduit de l&rsquo;opacit\u00e9 voir de l&rsquo;aveuglement dans la gestion des carri\u00e8res des personnels. Que se soit dans les mutations, l&rsquo;avancement de carri\u00e8re&#8230;<\/p>\n<p>Les fonctionnaires n&rsquo;ont pas de contrat de travail, ils sont sous statut. La transparence dans la gestion des carri\u00e8res, avec un droit de regard des partenaires\u00a0 sociaux \u00e9tait donc un acquis important que le gouvernement du pr\u00e9sident Macron nous a enlev\u00e9.<\/p>\n<p>Or, la FSU continue d&rsquo;accompagner les personnels qui se retrouvent seuls face \u00e0 l&rsquo;administration, notamment dans les recours ou l&rsquo;accompagnement dans les d\u00e9marches administratives. La participation aux \u00e9lections pro est donc un enjeu majeur. Il faut voter massivement pour montrer au gouvernement le souhait de d\u00e9mocratie dans la fonction publique.<\/p>\n<p>De plus, nous vous invitons \u00e0 voter SNEP en cliquant FSU lors de ces \u00e9lections. En effet, la FSU et ses commissaires paritaires ont acquis une vraie expertise\u00a0 dans les ann\u00e9es pass\u00e9es que nous continuerons \u00e0 mettre\u00a0 votre service si vous voter pour nous.<\/p>\n<p><img loading=\"lazy\" decoding=\"async\" class=\"\" src=\"http:\/\/www.snepfsu-aix.net\/aix\/wp-content\/uploads\/2022\/10\/PXL_20221011_084056460.MP68049.jpg\" alt=\"\" width=\"335\" height=\"203\" \/><\/p>\n<p>Colas MOUTON (Secr\u00e9taire acad\u00e9mique SNEP-FSU Nice) et Jean CUGIER (co-secr\u00e9taire acad\u00e9mique du SNEP-FSU Aix-Marseille) ont repr\u00e9sent\u00e9 les SNEP r\u00e9gional lors de ce lancement de campagne \u00e9lectorale.<\/p>\n<p><img loading=\"lazy\" decoding=\"async\" class=\"aligncenter\" src=\"http:\/\/www.snepfsu-aix.net\/aix\/wp-content\/uploads\/2022\/10\/arton7470.webp\" alt=\"\" width=\"728\" height=\"381\" \/><\/p>\n<p>\u00a0<\/p>\n","protected":false},"excerpt":{"rendered":"<p>Mardi 11 octobre 2022, Marseille, Lors de la r\u00e9union de lancement de la campagne des \u00e9lections professionnelles (1er au 8<\/p>\n","protected":false},"author":2,"featured_media":0,"comment_status":"closed","ping_status":"open","sticky":false,"template":"","format":"standard","meta":{"footnotes":""},"categories":[1],"tags":[],"class_list":["post-7242","post","type-post","status-publish","format-standard","hentry","category-non-classe"],"_links":{"self":[{"href":"http:\/\/www.snepfsu-aix.net\/aix\/wp-json\/wp\/v2\/posts\/7242","targetHints":{"allow":["GET"]}}],"collection":[{"href":"http:\/\/www.snepfsu-aix.net\/aix\/wp-json\/wp\/v2\/posts"}],"about":[{"href":"http:\/\/www.snepfsu-aix.net\/aix\/wp-json\/wp\/v2\/types\/post"}],"author":[{"embeddable":true,"href":"http:\/\/www.snepfsu-aix.net\/aix\/wp-json\/wp\/v2\/users\/2"}],"replies":[{"embeddable":true,"href":"http:\/\/www.snepfsu-aix.net\/aix\/wp-json\/wp\/v2\/comments?post=7242"}],"version-history":[{"count":1,"href":"http:\/\/www.snepfsu-aix.net\/aix\/wp-json\/wp\/v2\/posts\/7242\/revisions"}],"predecessor-version":[{"id":7246,"href":"http:\/\/www.snepfsu-aix.net\/aix\/wp-json\/wp\/v2\/posts\/7242\/revisions\/7246"}],"wp:attachment":[{"href":"http:\/\/www.snepfsu-aix.net\/aix\/wp-json\/wp\/v2\/media?parent=7242"}],"wp:term":[{"taxonomy":"category","embeddable":true,"href":"http:\/\/www.snepfsu-aix.net\/aix\/wp-json\/wp\/v2\/categories?post=7242"},{"taxonomy":"post_tag","embeddable":true,"href":"http:\/\/www.snepfsu-aix.net\/aix\/wp-json\/wp\/v2\/tags?post=7242"}],"curies":[{"name":"wp","href":"https:\/\/api.w.org\/{rel}","templated":true}]}}