{"id":7071,"date":"2022-07-08T10:24:56","date_gmt":"2022-07-08T08:24:56","guid":{"rendered":"http:\/\/www.snepfsu-aix.net\/aix\/?p=7071"},"modified":"2022-07-09T16:16:12","modified_gmt":"2022-07-09T14:16:12","slug":"resultats-classe-exceptionnelle-agreges-les-p-eps-attendrons","status":"publish","type":"post","link":"http:\/\/www.snepfsu-aix.net\/aix\/resultats-classe-exceptionnelle-agreges-les-p-eps-attendrons\/","title":{"rendered":"R\u00e9sultats Classe exceptionnelle Agr\u00e9g\u00e9s. Les P. EPS attendront&#8230;"},"content":{"rendered":"\n<p><img loading=\"lazy\" decoding=\"async\" class=\"alignleft\" src=\"http:\/\/www.snepfsu-aix.net\/aix\/wp-content\/uploads\/2022\/05\/Classe-ex.png\" alt=\"\" width=\"161\" height=\"161\" \/>Les r\u00e9sultats de promotion \u00e0 la classe exceptionnelle viennent de para\u00eetre pour le corps des agr\u00e9g\u00e9s: <a title=\"CLIQUEZ ICI\" href=\"https:\/\/www.education.gouv.fr\/media\/115897\/download\">CLIQUEZ ICI<\/a><\/p>\n<p>Pour le corps des Professeurs d&rsquo;EPS, la liste devrait para\u00eetre fin ao\u00fbt, le rectorat n&rsquo;ayant pas pu avancer sur ce dossier. Nous vous tiendrons inform\u00e9 d\u00e9s l&rsquo;annonce des r\u00e9sultats.<\/p>\n","protected":false},"excerpt":{"rendered":"<p>Les r\u00e9sultats de promotion \u00e0 la classe exceptionnelle viennent de para\u00eetre pour le corps des agr\u00e9g\u00e9s: CLIQUEZ ICI Pour le<\/p>\n","protected":false},"author":2,"featured_media":0,"comment_status":"closed","ping_status":"open","sticky":false,"template":"","format":"standard","meta":{"footnotes":""},"categories":[1],"tags":[],"class_list":["post-7071","post","type-post","status-publish","format-standard","hentry","category-non-classe"],"_links":{"self":[{"href":"http:\/\/www.snepfsu-aix.net\/aix\/wp-json\/wp\/v2\/posts\/7071","targetHints":{"allow":["GET"]}}],"collection":[{"href":"http:\/\/www.snepfsu-aix.net\/aix\/wp-json\/wp\/v2\/posts"}],"about":[{"href":"http:\/\/www.snepfsu-aix.net\/aix\/wp-json\/wp\/v2\/types\/post"}],"author":[{"embeddable":true,"href":"http:\/\/www.snepfsu-aix.net\/aix\/wp-json\/wp\/v2\/users\/2"}],"replies":[{"embeddable":true,"href":"http:\/\/www.snepfsu-aix.net\/aix\/wp-json\/wp\/v2\/comments?post=7071"}],"version-history":[{"count":2,"href":"http:\/\/www.snepfsu-aix.net\/aix\/wp-json\/wp\/v2\/posts\/7071\/revisions"}],"predecessor-version":[{"id":7076,"href":"http:\/\/www.snepfsu-aix.net\/aix\/wp-json\/wp\/v2\/posts\/7071\/revisions\/7076"}],"wp:attachment":[{"href":"http:\/\/www.snepfsu-aix.net\/aix\/wp-json\/wp\/v2\/media?parent=7071"}],"wp:term":[{"taxonomy":"category","embeddable":true,"href":"http:\/\/www.snepfsu-aix.net\/aix\/wp-json\/wp\/v2\/categories?post=7071"},{"taxonomy":"post_tag","embeddable":true,"href":"http:\/\/www.snepfsu-aix.net\/aix\/wp-json\/wp\/v2\/tags?post=7071"}],"curies":[{"name":"wp","href":"https:\/\/api.w.org\/{rel}","templated":true}]}}