{"id":7011,"date":"2022-06-10T08:59:42","date_gmt":"2022-06-10T06:59:42","guid":{"rendered":"http:\/\/www.snepfsu-aix.net\/aix\/?p=7011"},"modified":"2022-06-10T08:59:44","modified_gmt":"2022-06-10T06:59:44","slug":"le-snep-academique-rencontre-le-conseil-du-ministre","status":"publish","type":"post","link":"http:\/\/www.snepfsu-aix.net\/aix\/le-snep-academique-rencontre-le-conseil-du-ministre\/","title":{"rendered":"Le SNEP acad\u00e9mique rencontre le conseil du Ministre"},"content":{"rendered":"\n<figure style=\"width: 393px\" class=\"wp-caption alignleft\"><img loading=\"lazy\" decoding=\"async\" src=\"http:\/\/www.snepfsu-aix.net\/aix\/wp-content\/uploads\/2022\/06\/delegation-conseil-social.jpg\" alt=\"\" width=\"393\" height=\"295\" \/><figcaption class=\"wp-caption-text\">Laurent Tramoni (SNES), Virginie Akliouat (SNUipp), H\u00e9l\u00e9ne Lauzi\u00e9re (SNICS) et Jean Cugier (SNEP)<\/figcaption><\/figure>\n<p>Le 2 juin 2022, le pr\u00e9sident Macron accompagn\u00e9 de son nouveau ministre de l&rsquo;\u00e9ducation nationale Pap NDIAYE se sont rendus dans notre belle capitale proven\u00e7ale. Ils sont venus pr\u00e9senter leur projet ultra lib\u00e9ral et destructeur de l&rsquo;\u00e9ducation nationale. La mairie de Marseille prend l&rsquo;argent n\u00e9cessaire \u00e0 la r\u00e9novation des \u00e9coles marseillaises mais ATTENTION pas de contre partie. <strong>Nos \u00e9coliers ne sont pas une monnaie d&rsquo;\u00e9change!!!<\/strong><\/p>\n<p>Dans le contexte de cette visite hautement m\u00e9diatique, <span style=\"color: #ff0000;\">une d\u00e9l\u00e9gation de la FSU (SNES, SNUipp, SNICS et SNEP) a \u00e9t\u00e9 re\u00e7ue par le nouveau conseiller social aupr\u00e8s du ministre de l&rsquo;EN, Laurent CRUSSON<\/span>.<\/p>\n<p><span style=\"text-decoration: underline;\">Le SNEP est intervenu sur 4 points:<\/span><\/p>\n<ul>\n<li><strong>Le sport est diff\u00e9rent de l&rsquo;EPS<\/strong>. La s\u00e9mantique du gouvernement est importante. Quand le ministre dit plus de sport \u00e0 l&rsquo;\u00e9cole (30 min de bouger, 2S2C), les profs d&rsquo;EPS entendent sport et non EPS. Or l&rsquo;EPS enseign\u00e9e par des profs d&rsquo;EPS est une discipline scolaire et non une simple mise en action. Le ministre doit donc employ\u00e9 la bonne s\u00e9mantique.<\/li>\n<li><strong>4h d&rsquo;EPS de la maternelle au lyc\u00e9e.<\/strong> Gr\u00e2ce \u00e0 l&rsquo;EPS et le sport scolaire (UNSS) nous favorisons la pratique physique de tous les \u00e9l\u00e8ves de France sur tout le territoire. C&rsquo;est une \u00e9norme richesse. Le sport scolaire permet de d\u00e9velopper la pratique sportive f\u00e9minine (1\u00e8re f\u00e9d\u00e9ration sportive f\u00e9minine de France) et des milieux populaires (prix de la licences sportives minime). L&rsquo;USEP (sport scolaire au primaire) doit \u00eatre d\u00e9velopp\u00e9e en donnant des moyens aux PE. Stop au b\u00e9n\u00e9volat!<\/li>\n<li>Nous avons r\u00e9affirm\u00e9 notre revendication sur <strong>l&rsquo;arr\u00eat du financement public des \u00e9tablissements priv\u00e9s sous contrat<\/strong>. La part des \u00e9coles priv\u00e9es \u00e0 Marseille est \u00e9norme. Stop \u00e0 la s\u00e9gr\u00e9gation sociale sponsoris\u00e9e par l&rsquo;\u00e9tat.<\/li>\n<li>En d\u00e9but d&rsquo;entretien le conseiller social a soulign\u00e9 l&rsquo;importance du <strong>dialogue social<\/strong> avec les syndicats. Nous lui avons r\u00e9torqu\u00e9 que le pr\u00e9sident Macron a souhait\u00e9 la fin du paritarisme avec sa loi de la transformation de la fonction publique.\u00a0 La r\u00e9duction du paritarisme \u00e0 peau de chagrin rend l&rsquo;agent seul face \u00e0 son administration sans possibilit\u00e9 de v\u00e9rification ou de contestation. Nous lui avons demand\u00e9 l&rsquo;abandon de cette loi. Le paritarisme fonctionnait tr\u00e8s bien dans l&rsquo;acad\u00e9mie d&rsquo;Aix-Marseille notamment au moment des mutations. Quel g\u00e2chis! Diviser pour mieux r\u00e9gner, sir Macron!<\/li>\n<\/ul>\n<p>Le conseiller social nous a \u00e9cout\u00e9, il a not\u00e9. Nous verrons bien s&rsquo;il aura la volont\u00e9 et assez de poids pour parler \u00e0 l&rsquo;oreille du ministre.<\/p>\n<p><img loading=\"lazy\" decoding=\"async\" class=\"aligncenter\" src=\"http:\/\/www.snepfsu-aix.net\/aix\/wp-content\/uploads\/2022\/06\/logo-SNEP-election-pro-1.png\" alt=\"\" width=\"272\" height=\"272\" \/><\/p>\n","protected":false},"excerpt":{"rendered":"<p>Le 2 juin 2022, le pr\u00e9sident Macron accompagn\u00e9 de son nouveau ministre de l&rsquo;\u00e9ducation nationale Pap NDIAYE se sont rendus<\/p>\n","protected":false},"author":2,"featured_media":0,"comment_status":"closed","ping_status":"open","sticky":false,"template":"","format":"standard","meta":{"footnotes":""},"categories":[1],"tags":[],"class_list":["post-7011","post","type-post","status-publish","format-standard","hentry","category-non-classe"],"_links":{"self":[{"href":"http:\/\/www.snepfsu-aix.net\/aix\/wp-json\/wp\/v2\/posts\/7011","targetHints":{"allow":["GET"]}}],"collection":[{"href":"http:\/\/www.snepfsu-aix.net\/aix\/wp-json\/wp\/v2\/posts"}],"about":[{"href":"http:\/\/www.snepfsu-aix.net\/aix\/wp-json\/wp\/v2\/types\/post"}],"author":[{"embeddable":true,"href":"http:\/\/www.snepfsu-aix.net\/aix\/wp-json\/wp\/v2\/users\/2"}],"replies":[{"embeddable":true,"href":"http:\/\/www.snepfsu-aix.net\/aix\/wp-json\/wp\/v2\/comments?post=7011"}],"version-history":[{"count":1,"href":"http:\/\/www.snepfsu-aix.net\/aix\/wp-json\/wp\/v2\/posts\/7011\/revisions"}],"predecessor-version":[{"id":7013,"href":"http:\/\/www.snepfsu-aix.net\/aix\/wp-json\/wp\/v2\/posts\/7011\/revisions\/7013"}],"wp:attachment":[{"href":"http:\/\/www.snepfsu-aix.net\/aix\/wp-json\/wp\/v2\/media?parent=7011"}],"wp:term":[{"taxonomy":"category","embeddable":true,"href":"http:\/\/www.snepfsu-aix.net\/aix\/wp-json\/wp\/v2\/categories?post=7011"},{"taxonomy":"post_tag","embeddable":true,"href":"http:\/\/www.snepfsu-aix.net\/aix\/wp-json\/wp\/v2\/tags?post=7011"}],"curies":[{"name":"wp","href":"https:\/\/api.w.org\/{rel}","templated":true}]}}