{"id":7006,"date":"2022-06-10T08:11:36","date_gmt":"2022-06-10T06:11:36","guid":{"rendered":"http:\/\/www.snepfsu-aix.net\/aix\/?p=7006"},"modified":"2022-06-10T09:01:53","modified_gmt":"2022-06-10T07:01:53","slug":"le-snep-rencontre-le-sgra","status":"publish","type":"post","link":"http:\/\/www.snepfsu-aix.net\/aix\/le-snep-rencontre-le-sgra\/","title":{"rendered":"Le SNEP rencontre le SGRA"},"content":{"rendered":"\n<p><img loading=\"lazy\" decoding=\"async\" class=\"alignleft\" src=\"http:\/\/www.snepfsu-aix.net\/aix\/wp-content\/uploads\/2022\/06\/rectorat-scaled.jpg\" alt=\"\" width=\"166\" height=\"295\" \/>Une d\u00e9l\u00e9gation FSU r\u00e9gionale dont le SNEP Aix-Marseille (JeanCUGIER) a \u00e9t\u00e9 re\u00e7ue le 30 mai dernier au Rectorat par le nouveau Secr\u00e9taire g\u00e9n\u00e9ral r\u00e9gional acad\u00e9mique (SGRA), <strong>Monsieur Laurent No\u00e9<\/strong>.<\/p>\n<p>Il s&rsquo;agit du responsable au Rectorat de la r\u00e9gion acad\u00e9mique, c&rsquo;est \u00e0 dire des 2 acad\u00e9mies d&rsquo;Aix-Marseille et de Nice. Il a notamment en charge les questions de formations, de l&rsquo;orientation et des enseignements dans les lyc\u00e9es de la r\u00e9gion. Il ne faut pas confondre avec le conseil r\u00e9gional qui lui a des attributions plus mat\u00e9rielles dans la gestion des lyc\u00e9es par exemple.<\/p>\n<p><span style=\"text-decoration: underline;\">Le SNEP-FSU Aix-Marseille (repr\u00e9sentant \u00e9galement le SNEP Nice) a attir\u00e9 l&rsquo;attention du SGRA sur 3 points:<\/span><\/p>\n<ul>\n<li><strong>L&rsquo;enseignement de sp\u00e9cialit\u00e9 EPS au lyc\u00e9e.<\/strong> En effet, l&rsquo;acad\u00e9mie d&rsquo;Aix-Marseille est extr\u00eamement en retard sur ce point. Actuellement, seuls 3 lyc\u00e9es dispensent cet enseignement de sp\u00e9cialit\u00e9 ( Istres, Barcelonnette, Orange). Mais sans l&rsquo;intervention du SNEP, aucun autre lyc\u00e9e n&rsquo;\u00e9tait pr\u00e9vu pour la rentr\u00e9e 2022\/2023. Nous avons obtenu aupr\u00e8s du Rectorat, 3 autres ouvertures (Aubagne, Arles et Tarascon). Mais ce chiffre de 6 lyc\u00e9es est bien maigre comparativement \u00e0 d&rsquo;autres acad\u00e9mies (11 \u00e0 Versailles, 10 \u00e0 Lyon &#8230; ). Nous avons r\u00e9clam\u00e9 une v\u00e9ritable politique ambitieuse pour l&rsquo;EPS au lyc\u00e9e par le biais de cet enseignement de sp\u00e9cialit\u00e9 largement pl\u00e9biscit\u00e9 par les \u00e9l\u00e8ves (85 \u00e0 90% des \u00e9l\u00e8ves conservent cet enseignement de sp\u00e9 de 1\u00e8re en terminale).\u00a0 Il est pour nous inconcevable que Marseille, ville olympique en 2024, n&rsquo;ait aucun lyc\u00e9e proposant l&rsquo;enseignement de sp\u00e9cialit\u00e9 EPS. Nous avons demand\u00e9 que les moyens horaires suppl\u00e9mentaires soient attribu\u00e9s d\u00e8s l&rsquo;ouverture de cet enseignement dans un lyc\u00e9e. De plus, il est \u00e9galement important de veiller \u00e0 ce que cet enseignement soit g\u00e9ographiquement accessible pour les \u00e9l\u00e8ves (1 seul lyc\u00e9e dans le Vaucluse, aucun dans les Hautes Alpes). Nous avons ainsi demand\u00e9, en attendant une ouverture massive de l&rsquo;enseignement de sp\u00e9 EPS, que le recrutement des \u00e9l\u00e8ves dans les lyc\u00e9es puisse se faire hors carte scolaire.<\/li>\n<li><strong>Installations sportives en lyc\u00e9e.<\/strong> Nous avons rappel\u00e9 l&rsquo;importance des installations sportives intra-muros dans les lyc\u00e9es qui doivent \u00eatre consid\u00e9r\u00e9es comme de v\u00e9ritable salle de classe pour l&rsquo;EPS. Dans le cadre des r\u00e9novations et constructions des lyc\u00e9e (Golf Hotel, Marseille international, Lambesc pour les prochaines constructions), nous avons demand\u00e9 qu&rsquo;un cahier des charges sp\u00e9cial installations sportives scolaires soit \u00e9dit\u00e9 pour la nouvelle direction de l&rsquo;architecture et de la ma\u00eetrise d&rsquo;ouvrage du Conseil R\u00e9gional (<strong>NB<\/strong>: ce service est d\u00e9sormais s\u00e9par\u00e9 de la direction en charge de l&rsquo;\u00e9ducation). Nous avons insist\u00e9 sur le fait que les usagers (profs d&rsquo;EPS notamment) soient consult\u00e9s avant et non apr\u00e8s le projet. Nous avons \u00e9galement appris avec inqui\u00e9tude que la ligne budg\u00e9taire du conseil r\u00e9gional li\u00e9e aux \u00e9quipement sportifs des lyc\u00e9es est d\u00e9sormais absorb\u00e9e dans la ligne de fonctionnement g\u00e9n\u00e9ral.\u00a0<\/li>\n<li><strong>4h d&rsquo;EPS au lyc\u00e9e.<\/strong> C&rsquo;est la revendication majeure que nous portons. Le SGRA a souhait\u00e9 le maintien et m\u00eame le renforcement de la voie professionnelle. L&rsquo;EPS doit faire partie de ce renforcement.<\/li>\n<\/ul>\n<p>L&rsquo;audience a dur\u00e9 environ 2h o\u00f9 nous avons pu pr\u00e9senter l&rsquo;ensemble des revendications port\u00e9es par les diff\u00e9rents syndicats de la FSU (Personnels administratifs, enseignement sup\u00e9rieur&#8230;).<img loading=\"lazy\" decoding=\"async\" class=\"aligncenter\" src=\"http:\/\/www.snepfsu-aix.net\/aix\/wp-content\/uploads\/2022\/06\/logo-SNEP-election-pro-1.png\" alt=\"\" width=\"204\" height=\"204\" \/><\/p>\n<p>\u00a0<\/p>\n","protected":false},"excerpt":{"rendered":"<p>Une d\u00e9l\u00e9gation FSU r\u00e9gionale dont le SNEP Aix-Marseille (JeanCUGIER) a \u00e9t\u00e9 re\u00e7ue le 30 mai dernier au Rectorat par le<\/p>\n","protected":false},"author":2,"featured_media":0,"comment_status":"closed","ping_status":"open","sticky":false,"template":"","format":"standard","meta":{"footnotes":""},"categories":[1],"tags":[],"class_list":["post-7006","post","type-post","status-publish","format-standard","hentry","category-non-classe"],"_links":{"self":[{"href":"http:\/\/www.snepfsu-aix.net\/aix\/wp-json\/wp\/v2\/posts\/7006","targetHints":{"allow":["GET"]}}],"collection":[{"href":"http:\/\/www.snepfsu-aix.net\/aix\/wp-json\/wp\/v2\/posts"}],"about":[{"href":"http:\/\/www.snepfsu-aix.net\/aix\/wp-json\/wp\/v2\/types\/post"}],"author":[{"embeddable":true,"href":"http:\/\/www.snepfsu-aix.net\/aix\/wp-json\/wp\/v2\/users\/2"}],"replies":[{"embeddable":true,"href":"http:\/\/www.snepfsu-aix.net\/aix\/wp-json\/wp\/v2\/comments?post=7006"}],"version-history":[{"count":2,"href":"http:\/\/www.snepfsu-aix.net\/aix\/wp-json\/wp\/v2\/posts\/7006\/revisions"}],"predecessor-version":[{"id":7014,"href":"http:\/\/www.snepfsu-aix.net\/aix\/wp-json\/wp\/v2\/posts\/7006\/revisions\/7014"}],"wp:attachment":[{"href":"http:\/\/www.snepfsu-aix.net\/aix\/wp-json\/wp\/v2\/media?parent=7006"}],"wp:term":[{"taxonomy":"category","embeddable":true,"href":"http:\/\/www.snepfsu-aix.net\/aix\/wp-json\/wp\/v2\/categories?post=7006"},{"taxonomy":"post_tag","embeddable":true,"href":"http:\/\/www.snepfsu-aix.net\/aix\/wp-json\/wp\/v2\/tags?post=7006"}],"curies":[{"name":"wp","href":"https:\/\/api.w.org\/{rel}","templated":true}]}}