{"id":6952,"date":"2022-04-07T14:33:43","date_gmt":"2022-04-07T12:33:43","guid":{"rendered":"http:\/\/www.snepfsu-aix.net\/aix\/?p=6952"},"modified":"2022-04-07T14:33:45","modified_gmt":"2022-04-07T12:33:45","slug":"le-10-avril-refusez-les-politiques-ultraliberales-reactionnaires-ou-fascistes","status":"publish","type":"post","link":"http:\/\/www.snepfsu-aix.net\/aix\/le-10-avril-refusez-les-politiques-ultraliberales-reactionnaires-ou-fascistes\/","title":{"rendered":"Le 10 avril refusez les politiques ultralib\u00e9rales, r\u00e9actionnaires ou fascistes!"},"content":{"rendered":"\n<div><img loading=\"lazy\" decoding=\"async\" class=\"alignleft\" src=\"http:\/\/www.snepfsu-aix.net\/aix\/wp-content\/uploads\/2022\/04\/Presidentielles-2022.png\" alt=\"\" width=\"371\" height=\"311\" \/>Quelle joie de reprendre le bus le mercredi apr\u00e8s-midi avec les \u00e9l\u00e8ves pour participer de nouveau \u00e0 une rencontre UNSS. Pour les \u00e9l\u00e8ves de 6\u00e8me et de 5\u00e8me c\u2019est souvent une d\u00e9couverte, pour les grands c\u2019est le moment tant attendu depuis mars 2020 !<\/div>\n<div>\u00a0<\/div>\n<div>En cours d\u2019EPS, nous retrouvons le plaisir de voir nos \u00e9l\u00e8ves s\u2019affronter ou coop\u00e9rer dans des APSA riches de sens. Loin des pratiques fig\u00e9es et r\u00e9p\u00e9titives, \u00e0 2m les uns des autres. Si la grande force d\u2019adaptation et la richesse des propositions des coll\u00e8gues pour faire vivre l\u2019EPS et le sport scolaire ces 2 derni\u00e8res ann\u00e9es sont \u00e0 souligner, il est bon de retrouver pleinement le sens de notre m\u00e9tier.<\/div>\n<div>\u00a0<\/div>\n<div><u>Car c\u2019est cela l\u2019EPS que nous d\u00e9fendons :<\/u><\/div>\n<ul>\n<li>Des professeurs form\u00e9s et comp\u00e9tents gr\u00e2ce \u00e0 une formation initiale qui s\u2019en donne les moyens.<\/li>\n<li>Des horaires obligatoires suffisantes : 4h hebdomadaire du primaire au lyc\u00e9e.<\/li>\n<li>Des pratiques riches et vari\u00e9es ancr\u00e9es dans les pratiques culturelles.<\/li>\n<li>Des \u00e9preuves certificatives obligatoires<\/li>\n<li>Le plaisir d\u2019apprendre et de progresser ensemble.<\/li>\n<li>L\u2019acc\u00e8s \u00e0 des installations de qualit\u00e9.<\/li>\n<li>Un prolongement au sein des associations sportives avec des rencontres inter-\u00e9tablissement.<\/li>\n<\/ul>\n<div>\u00a0<\/div>\n<div>C\u2019est l\u2019EPS que le SNEP-FSU n\u2019a cess\u00e9 de conqu\u00e9rir et de d\u00e9fendre c\u2019est 50 derni\u00e8res ann\u00e9es, loin de la vision mortif\u00e8re et destructrice du tandem Macron-Blanquer.<\/div>\n<div>\u00a0<\/div>\n<div><strong>Depuis 5 ans, ces 2 hommes s\u2019appliquent \u00e0 d\u00e9construire notre syst\u00e8me public d\u2019\u00e9ducation et l\u2019EPS au passage par :<\/strong><\/div>\n<ul>\n<li>Les suppressions de poste<\/li>\n<li>Le recours massif aux heures suppl\u00e9mentaires<\/li>\n<li>L\u2019emploi de personnel mal pay\u00e9 et mal form\u00e9 : contractuels, \u00e9tudiants (meef alternant)<\/li>\n<li>L\u2019augmentation des effectifs par classe.<\/li>\n<li>Le gel du point d\u2019indice pour les enseignants<\/li>\n<li>La r\u00e9forme du lyc\u00e9e<\/li>\n<li>Parcours sup<\/li>\n<li>Bouger 30mn par jour au primaire, le 2S2C pour concurrencer notre discipline.<\/li>\n<li>La destruction de l\u2019\u00e9ducation prioritaire avec le d\u00e9veloppement des CLA<\/li>\n<li>La r\u00e9forme de la fonction publique avec notamment la suppression du paritarisme.<\/li>\n<\/ul>\n<div>\u00a0<\/div>\n<div>La gestion de la crise du covid a \u00e9t\u00e9 catastrophique en milieu scolaire et \u00e0 aucun moment la politique du \u00ab quoi qu\u2019il en co\u00fbte \u00bb n\u2019a \u00e9t\u00e9 envisag\u00e9 pour nos \u00e9l\u00e8ves et pour les personnels.<\/div>\n<div>Pour nous aider \u00e0 faire face, Jean-Michel Blanquer nous a gratifi\u00e9 de toute sa reconnaissance, charge \u00e0 nous d\u2019assumer toutes les t\u00e2ches pour faire tenir le syst\u00e8me : \u00e9cole \u00e0 distance, suivi des \u00e9l\u00e8ves, adaptations p\u00e9dagogiques, cours d\u2019EPS \u00e0 l\u2019ext\u00e9rieur, gestion des masques dans des classes surcharg\u00e9es, etc\u2026<\/div>\n<div>\u00a0<\/div>\n<div>Dans quelques jours les m\u00eames se pr\u00e9sentent \u00e0 leur r\u00e9\u00e9lection, et la seule proposition qu\u2019ils ont \u00e0 nous faire pour am\u00e9liorer le syst\u00e8me d\u2019\u00e9ducation, c\u2019est de conditionner la hausse des salaires \u00e0 l\u2019augmentation de la charge de travail\u2026 suivi des \u00e9l\u00e8ves, soutien scolaire, projets innovants\u2026\u00a0<strong>Quel m\u00e9pris et m\u00e9connaissance de notre travail\u00a0<\/strong>! Tout cela nous le faisons d\u00e9j\u00e0 avec 25% de pouvoir d\u2019achat en moins qu\u2019il y a 20 ans ! Au passage Macron annonce qu\u2019il faut en finir avec le statut de fonctionnaire\u2026<\/div>\n<div>\u00a0<\/div>\n<div>Pour la droite extr\u00eame cela n\u2019est pas encore suffisant, il faut aller plus loin dans les suppressions de postes. Il faudrait revenir au syst\u00e8me \u00e9ducatif de nos anc\u00eatres avec une s\u00e9lection et une orientation d\u00e8s l\u2019entr\u00e9e au coll\u00e8ge, pour ne surtout pas remettre en cause l\u2019ordre \u00e9tabli et risquer de voir des enfants issus de l\u2019immigration pr\u00e9tendre \u00e0 des parcours d\u2019excellence.<\/div>\n<div>\u00a0<\/div>\n<div><strong>Face \u00e0 cette offensive lib\u00e9rale et r\u00e9actionnaire, le SNEP-FSU refuse de plier et reste solide sur ses convictions<\/strong>\u00a0:\u00a0tous les \u00e9l\u00e8ves sont \u00e9ducables au sein d\u2019un syst\u00e8me \u00e9ducatif public de qualit\u00e9.<\/div>\n<div>\u00a0<\/div>\n<div><u>Pour cela nous r\u00e9clamons :<\/u><\/div>\n<ul>\n<li>La diminution des effectifs par classe \u00e0 20 en Education prioritaire et 24 ailleurs.<\/li>\n<li>4h d\u2019EPS pour tous \u00e0 tous les niveaux de la scolarit\u00e9<\/li>\n<li>Un plan de recrutement massif de 1500 postes au Capeps pendant 5 ans minimum<\/li>\n<li>Le d\u00e9gel du point d\u2019indice de fa\u00e7on cons\u00e9quente<\/li>\n<li>La suppression de la LFP et le retour du paritarisme<\/li>\n<li>Le retour des fonctionnaires stagiaires \u00e0 mi-temps sur le service de leur tuteur<\/li>\n<li>Un plan massif d\u2019investissement dans les infra-structures sportives<\/li>\n<\/ul>\n<div>\u00a0<\/div>\n<div>Un autre syst\u00e8me public d\u2019\u00e9ducation est possible, loin des dogmes ultra-lib\u00e9raux qui ouvrent grand la porte \u00e0 la privatisation de l\u2019\u00e9cole.<\/div>\n<div>La crise sanitaire a fait la d\u00e9monstration, s\u2019il en fallait, de l\u2019importance des services publics. Ils sont notre bien commun, ils prot\u00e8gent les plus faibles, ils profitent \u00e0 tous.<\/div>\n<div>\u00a0<\/div>\n<div><strong>Le 10 avril refusez les politiques ultralib\u00e9rales, r\u00e9actionnaires ou fascistes<\/strong><\/div>\n","protected":false},"excerpt":{"rendered":"<p>Quelle joie de reprendre le bus le mercredi apr\u00e8s-midi avec les \u00e9l\u00e8ves pour participer de nouveau \u00e0 une rencontre UNSS.<\/p>\n","protected":false},"author":2,"featured_media":0,"comment_status":"closed","ping_status":"open","sticky":false,"template":"","format":"standard","meta":{"footnotes":""},"categories":[1],"tags":[],"class_list":["post-6952","post","type-post","status-publish","format-standard","hentry","category-non-classe"],"_links":{"self":[{"href":"http:\/\/www.snepfsu-aix.net\/aix\/wp-json\/wp\/v2\/posts\/6952","targetHints":{"allow":["GET"]}}],"collection":[{"href":"http:\/\/www.snepfsu-aix.net\/aix\/wp-json\/wp\/v2\/posts"}],"about":[{"href":"http:\/\/www.snepfsu-aix.net\/aix\/wp-json\/wp\/v2\/types\/post"}],"author":[{"embeddable":true,"href":"http:\/\/www.snepfsu-aix.net\/aix\/wp-json\/wp\/v2\/users\/2"}],"replies":[{"embeddable":true,"href":"http:\/\/www.snepfsu-aix.net\/aix\/wp-json\/wp\/v2\/comments?post=6952"}],"version-history":[{"count":1,"href":"http:\/\/www.snepfsu-aix.net\/aix\/wp-json\/wp\/v2\/posts\/6952\/revisions"}],"predecessor-version":[{"id":6954,"href":"http:\/\/www.snepfsu-aix.net\/aix\/wp-json\/wp\/v2\/posts\/6952\/revisions\/6954"}],"wp:attachment":[{"href":"http:\/\/www.snepfsu-aix.net\/aix\/wp-json\/wp\/v2\/media?parent=6952"}],"wp:term":[{"taxonomy":"category","embeddable":true,"href":"http:\/\/www.snepfsu-aix.net\/aix\/wp-json\/wp\/v2\/categories?post=6952"},{"taxonomy":"post_tag","embeddable":true,"href":"http:\/\/www.snepfsu-aix.net\/aix\/wp-json\/wp\/v2\/tags?post=6952"}],"curies":[{"name":"wp","href":"https:\/\/api.w.org\/{rel}","templated":true}]}}