{"id":6771,"date":"2022-02-03T12:43:49","date_gmt":"2022-02-03T11:43:49","guid":{"rendered":"http:\/\/www.snepfsu-aix.net\/aix\/?p=6771"},"modified":"2022-02-03T16:46:31","modified_gmt":"2022-02-03T15:46:31","slug":"lycee-enseignement-de-specialite-eps-parce-que-lactivite-syndicale-paye","status":"publish","type":"post","link":"http:\/\/www.snepfsu-aix.net\/aix\/lycee-enseignement-de-specialite-eps-parce-que-lactivite-syndicale-paye\/","title":{"rendered":"Lyc\u00e9e: Enseignement de sp\u00e9cialit\u00e9 EPS, parce que l&rsquo;activit\u00e9 syndicale paye!"},"content":{"rendered":"\n<p><img loading=\"lazy\" decoding=\"async\" class=\"alignleft\" src=\"http:\/\/www.snepfsu-aix.net\/aix\/wp-content\/uploads\/2022\/02\/enseignement-specialite-EPS.png\" alt=\"\" width=\"333\" height=\"236\" \/>Suite \u00e0 l\u2019annonce du rectorat d&rsquo;Aix-Marseille qu&rsquo;aucun<a href=\"https:\/\/www.education.gouv.fr\/baccalaureat-general-mise-en-place-d-une-nouvelle-specialite-education-physique-pratiques-et-culture-307827\"> enseignement de sp\u00e9 EPPCS<\/a> (\u00e9ducation physique, pratiques et cultures sportives) ne serait ouvert \u00e0 la rentr\u00e9e scolaire prochaine, <strong>le SNEP-FSU s&rsquo;est largement mobilis\u00e9 pour corriger cette ineptie<\/strong>. Seuls 3 lyc\u00e9es proposent actuellement cet enseignement dans TOUTE l&rsquo;acad\u00e9mie. Aucun \u00e0 Marseille, 2\u00e8me ville de France.<\/p>\n<p><span style=\"text-decoration: underline;\">Nous sommes intervenus :<\/span><\/p>\n<ul>\n<li>\u00a0en CTA r\u00e9gion (Aix-Marseille + Nice)<\/li>\n<li>\u00a0en CTA<\/li>\n<li>aupr\u00e8s de la Secr\u00e9taire G\u00e9n\u00e9rale du Rectorat R\u00e9gion\u00a0<\/li>\n<li>aupr\u00e8s du SG r\u00e9gion, des IPR EPS et de M. Lazzerini pour une demande d&rsquo;audience<\/li>\n<\/ul>\n<p>Madame Follot (SG r\u00e9gion) nous a contact\u00e9. Notre sollicitation l&rsquo;a alert\u00e9 sur la situation quant \u00e0 l\u2019\u00e9quit\u00e9 territoriale. Sensible \u00e0 nos arguments, elle a n\u00e9goci\u00e9 en comit\u00e9, avec accord du recteur Beignier, <strong>l\u2019ouverture d\u2019une campagne compl\u00e9mentaire de 1 mois<\/strong>. Vue l\u2019urgence seuls les projets aboutis pourront \u00eatre r\u00e9\u00e9xamin\u00e9s.\u00a0<\/p>\n<p>Au nom de cette m\u00eame \u00e9quit\u00e9 territoriale, nous lui avons fait remarquer que nous restions en de\u00e7a des chiffres de la DEP et que notre grande acad\u00e9mie comporte 4 d\u00e9partements. L&rsquo;acad\u00e9mie de Nice ne comporte que 2 d\u00e9partements pourtant le Rectorat a autoris\u00e9 l&rsquo;ouverture de 2 EPPCS dans cette acad\u00e9mie voisine.<\/p>\n<p>Mme Follot s\u2019est <strong>engag\u00e9e \u00e0 une ouverture plus massive en 2023<\/strong>. A cette fin, nous avons demand\u00e9 qu\u2019une communication plus \u00e9largie et plus pr\u00e9coce soit faite en direction des \u00e9quipes EPS et chefs d&rsquo;\u00e9tablissement afin de renforcer les proc\u00e9dures d\u2019\u00e9volution de la carte des formations.\u00a0<\/p>\n<p>Nous remercions Mme Follot pour son \u00e9coute et la prise en compte de nos revendications. Dans le cadre du dialogue social engag\u00e9, nous resterons attentif au suivi de ce dossier et nous avons convenu de suivre ensemble ce dossier rapidement en d\u00e9but d\u2019ann\u00e9e 2022.<\/p>\n<p><strong>Nous incitons les \u00e9quipes EPS des lyc\u00e9es de l&rsquo;acad\u00e9mie \u00e0 se porter candidates, notamment \u00e0 Marseille, 2\u00e8me ville de France. <span style=\"background-color: #ffff00;\">Si vous \u00eates candidats ou que vous souhaitez avoir plus d&rsquo;information, n&rsquo;h\u00e9sitez pas \u00e0 contacter le SNEP-FSU Aix-Marseille<\/span><\/strong> : <a href=\"http:\/\/www.snepfsu-aix.net\/aix\/contacts\/section-academiques\/\">CLIQUEZ ICI<\/a><\/p>\n","protected":false},"excerpt":{"rendered":"<p>Suite \u00e0 l\u2019annonce du rectorat d&rsquo;Aix-Marseille qu&rsquo;aucun enseignement de sp\u00e9 EPPCS (\u00e9ducation physique, pratiques et cultures sportives) ne serait ouvert<\/p>\n","protected":false},"author":2,"featured_media":0,"comment_status":"closed","ping_status":"open","sticky":false,"template":"","format":"standard","meta":{"footnotes":""},"categories":[1],"tags":[],"class_list":["post-6771","post","type-post","status-publish","format-standard","hentry","category-non-classe"],"_links":{"self":[{"href":"http:\/\/www.snepfsu-aix.net\/aix\/wp-json\/wp\/v2\/posts\/6771","targetHints":{"allow":["GET"]}}],"collection":[{"href":"http:\/\/www.snepfsu-aix.net\/aix\/wp-json\/wp\/v2\/posts"}],"about":[{"href":"http:\/\/www.snepfsu-aix.net\/aix\/wp-json\/wp\/v2\/types\/post"}],"author":[{"embeddable":true,"href":"http:\/\/www.snepfsu-aix.net\/aix\/wp-json\/wp\/v2\/users\/2"}],"replies":[{"embeddable":true,"href":"http:\/\/www.snepfsu-aix.net\/aix\/wp-json\/wp\/v2\/comments?post=6771"}],"version-history":[{"count":3,"href":"http:\/\/www.snepfsu-aix.net\/aix\/wp-json\/wp\/v2\/posts\/6771\/revisions"}],"predecessor-version":[{"id":6785,"href":"http:\/\/www.snepfsu-aix.net\/aix\/wp-json\/wp\/v2\/posts\/6771\/revisions\/6785"}],"wp:attachment":[{"href":"http:\/\/www.snepfsu-aix.net\/aix\/wp-json\/wp\/v2\/media?parent=6771"}],"wp:term":[{"taxonomy":"category","embeddable":true,"href":"http:\/\/www.snepfsu-aix.net\/aix\/wp-json\/wp\/v2\/categories?post=6771"},{"taxonomy":"post_tag","embeddable":true,"href":"http:\/\/www.snepfsu-aix.net\/aix\/wp-json\/wp\/v2\/tags?post=6771"}],"curies":[{"name":"wp","href":"https:\/\/api.w.org\/{rel}","templated":true}]}}