{"id":6721,"date":"2022-01-21T14:14:18","date_gmt":"2022-01-21T13:14:18","guid":{"rendered":"http:\/\/www.snepfsu-aix.net\/aix\/?p=6721"},"modified":"2022-01-21T15:12:57","modified_gmt":"2022-01-21T14:12:57","slug":"reforme-de-la-psc-15e-ok-mais-mefi","status":"publish","type":"post","link":"http:\/\/www.snepfsu-aix.net\/aix\/reforme-de-la-psc-15e-ok-mais-mefi\/","title":{"rendered":"R\u00e9forme de la PSC: 15\u20ac ok, mais m\u00e9fi!"},"content":{"rendered":"\n<p><a href=\"https:\/\/fsu.fr\/wp-content\/uploads\/2021\/10\/FSU-4-pages-PSC.pdf\"><img loading=\"lazy\" decoding=\"async\" class=\"alignleft\" src=\"http:\/\/www.snepfsu-aix.net\/aix\/wp-content\/uploads\/2022\/01\/4-pages-FSU-PSC.png\" alt=\"\" width=\"188\" height=\"258\" \/><\/a>La Protection Sociale Compl\u00e9mentaire (PSC) des agents de la fonctions publiques est en train d&rsquo;\u00eatre profond\u00e9ment modifi\u00e9e par le<img loading=\"lazy\" decoding=\"async\" class=\"alignright\" src=\"http:\/\/www.snepfsu-aix.net\/aix\/wp-content\/uploads\/2022\/01\/PSC.png\" alt=\"\" width=\"171\" height=\"171\" \/> gouvernement actuel. Il s&rsquo;agit de calquer le mod\u00e8le du public sur celui du priv\u00e9 avec la participation financi\u00e8re de l&#8217;employeur dans la compl\u00e9mentaire sant\u00e9 des agents. Vous avez certainement attendu parler des 15\u20ac par mois qui vont vous \u00eatre rembours\u00e9s \u00e0 partir de janvier 2022. A terme (2025), la prise en charge employeur (MEN) sera de 50%.\u00a0<\/p>\n<p><span style=\"text-decoration: underline;\">Mais bien s\u00fbr il y a des contre parties:<\/span><\/p>\n<ul>\n<li>plus de prise en charge de la pr\u00e9voyance (maintien de salaire en cas de longue maladie)<\/li>\n<li>exclusion du dispositif des retrait\u00e9s et des vacataires<\/li>\n<li>mutuelle collective unique impos\u00e9e&#8230;<\/li>\n<\/ul>\n<p>Le SNEP avec la FSU sera vigilant pour n\u00e9gocier au mieux cette r\u00e9forme qui ne doit pas casser le principe de solidarit\u00e9 et d&rsquo;universalit\u00e9 de la s\u00e9curit\u00e9 sociale.<\/p>\n<p>Pour rappel, notre revendication est la participation \u00e0 100% de la s\u00e9curit\u00e9 sociale dans les remboursements des soins de sant\u00e9 (pas de mutuelles priv\u00e9es).<\/p>\n<p><a href=\"http:\/\/www.snepfsu-aix.net\/aix\/wp-content\/uploads\/2022\/01\/Note-PSC-Lettre-21-janvier-v258486.pdf\">LIRE NOTRE NOTICE EXPLICATIVE<\/a><\/p>\n<p><a href=\"https:\/\/fsu.fr\/wp-content\/uploads\/2021\/10\/FSU-4-pages-PSC.pdf\">LIRE le 4 pages de la FSU (claire et complet)<\/a><\/p>\n<p>\u00a0<\/p>\n","protected":false},"excerpt":{"rendered":"<p>La Protection Sociale Compl\u00e9mentaire (PSC) des agents de la fonctions publiques est en train d&rsquo;\u00eatre profond\u00e9ment modifi\u00e9e par le gouvernement<\/p>\n","protected":false},"author":2,"featured_media":0,"comment_status":"closed","ping_status":"open","sticky":false,"template":"","format":"standard","meta":{"footnotes":""},"categories":[1],"tags":[],"class_list":["post-6721","post","type-post","status-publish","format-standard","hentry","category-non-classe"],"_links":{"self":[{"href":"http:\/\/www.snepfsu-aix.net\/aix\/wp-json\/wp\/v2\/posts\/6721","targetHints":{"allow":["GET"]}}],"collection":[{"href":"http:\/\/www.snepfsu-aix.net\/aix\/wp-json\/wp\/v2\/posts"}],"about":[{"href":"http:\/\/www.snepfsu-aix.net\/aix\/wp-json\/wp\/v2\/types\/post"}],"author":[{"embeddable":true,"href":"http:\/\/www.snepfsu-aix.net\/aix\/wp-json\/wp\/v2\/users\/2"}],"replies":[{"embeddable":true,"href":"http:\/\/www.snepfsu-aix.net\/aix\/wp-json\/wp\/v2\/comments?post=6721"}],"version-history":[{"count":3,"href":"http:\/\/www.snepfsu-aix.net\/aix\/wp-json\/wp\/v2\/posts\/6721\/revisions"}],"predecessor-version":[{"id":6730,"href":"http:\/\/www.snepfsu-aix.net\/aix\/wp-json\/wp\/v2\/posts\/6721\/revisions\/6730"}],"wp:attachment":[{"href":"http:\/\/www.snepfsu-aix.net\/aix\/wp-json\/wp\/v2\/media?parent=6721"}],"wp:term":[{"taxonomy":"category","embeddable":true,"href":"http:\/\/www.snepfsu-aix.net\/aix\/wp-json\/wp\/v2\/categories?post=6721"},{"taxonomy":"post_tag","embeddable":true,"href":"http:\/\/www.snepfsu-aix.net\/aix\/wp-json\/wp\/v2\/tags?post=6721"}],"curies":[{"name":"wp","href":"https:\/\/api.w.org\/{rel}","templated":true}]}}