{"id":6702,"date":"2022-01-21T10:47:39","date_gmt":"2022-01-21T09:47:39","guid":{"rendered":"http:\/\/www.snepfsu-aix.net\/aix\/?p=6702"},"modified":"2022-03-09T18:43:37","modified_gmt":"2022-03-09T17:43:37","slug":"journees-de-leps-daix-marseille","status":"publish","type":"post","link":"http:\/\/www.snepfsu-aix.net\/aix\/journees-de-leps-daix-marseille\/","title":{"rendered":"Journ\u00e9es de l&rsquo;EPS d&rsquo;Aix-Marseille"},"content":{"rendered":"\n<p><img loading=\"lazy\" decoding=\"async\" class=\"alignleft\" src=\"http:\/\/www.snepfsu-aix.net\/aix\/wp-content\/uploads\/2022\/01\/Journees-de-leps-daix-marseille-1.png\" alt=\"\" width=\"361\" height=\"303\" \/>31 mars et 1er avril 2022 au Coll\u00e8ge Louis Philibert du Puy Sainte R\u00e9parade (13)<\/p>\n<p>Th\u00e8me principal de ces journ\u00e9es: <span class=\"JsGRdQ\">\u00ab Quelle place pour l&rsquo;apprentissage des techniques en EPS aujourd\u2019hui ? \u00bb<\/span><\/p>\n<p class=\"_04xlpA direction-ltr align-justify para-style-body\"><span class=\"JsGRdQ\">Le SNEP d&rsquo;Aix Marseille se mobilise \u00e0 nouveau pour organiser des journ\u00e9es de l\u2019EPS dans notre acad\u00e9mie. Ce stage p\u00e9dagogique de 2 journ\u00e9es nous permettra de pratiquer et travailler sur l\u2019enseignement de plusieurs APSA (Badminton , Athl\u00e9tisme, Escalade et Hand ball) autour de 2 apr\u00e8s-midi entiers de pratique (anim\u00e9s par des coll\u00e8gues EPS) .<\/span><\/p>\n<p class=\"_04xlpA direction-ltr align-justify para-style-body\"><span class=\"JsGRdQ\">Deux matin\u00e9es seront consacr\u00e9es \u00e0 des temps d\u2019\u00e9changes et de r\u00e9flexions crois\u00e9es sur les probl\u00e9matiques scolaires actuelles avec des intervenant.es. issus de milieux divers.<a href=\"http:\/\/www.snepfsu-aix.net\/aix\/wp-content\/uploads\/2022\/03\/journees-eps-2022-3.png\"><img loading=\"lazy\" decoding=\"async\" class=\"alignright\" src=\"http:\/\/www.snepfsu-aix.net\/aix\/wp-content\/uploads\/2022\/01\/journee-EPS-2022.png\" alt=\"D\u00e9couvrir le programme\" width=\"160\" height=\"226\" \/><\/a><\/span><\/p>\n<p>D\u00e9couvrez l&rsquo;ensemble du programme: <a href=\"http:\/\/www.snepfsu-aix.net\/aix\/wp-content\/uploads\/2022\/03\/journees-eps-2022-3.png\">CLIQUEZ ICI\u00a0<\/a><\/p>\n<p>\u00a0<\/p>\n<p><a href=\"http:\/\/www.snepfsu-aix.net\/aix\/wp-content\/uploads\/2022\/01\/Demande_formation_syndicale-journee-EPS-2022.pdf\">Demande d&rsquo;autorisation de stage<\/a> \u00e0 faire aupr\u00e8s de votre chef d&rsquo;\u00e9tablissement avant le 28 f\u00e9vrier 2022. NB: les cong\u00e9s de formation syndical sont un droit (12 jours par an), n&rsquo;h\u00e9sitez pas \u00e0 les utiliser. Un droit ne s&rsquo;use que si on ne l&rsquo;utilise pas. Face \u00e0 une offre de PAF de plus en plus faible, le SNEP vous propose des pratiques de terrain et une approche diff\u00e9rente. Il n&rsquo;y a pas une EPS mais DES EPS!!<\/p>\n<p>De plus, merci de vous inscrire en ligne: <a href=\"https:\/\/docs.google.com\/forms\/d\/1fNNE46WEL88fUMUNOBfT9lihpGO7hFM0hrZJJBd1Xzw\/edit?ts=61e04bdb\">CLIQUEZ ICI POUR S&rsquo;INSCRIRE<\/a><\/p>\n","protected":false},"excerpt":{"rendered":"<p>31 mars et 1er avril 2022 au Coll\u00e8ge Louis Philibert du Puy Sainte R\u00e9parade (13) Th\u00e8me principal de ces journ\u00e9es:<\/p>\n","protected":false},"author":2,"featured_media":0,"comment_status":"closed","ping_status":"open","sticky":false,"template":"","format":"standard","meta":{"footnotes":""},"categories":[1],"tags":[],"class_list":["post-6702","post","type-post","status-publish","format-standard","hentry","category-non-classe"],"_links":{"self":[{"href":"http:\/\/www.snepfsu-aix.net\/aix\/wp-json\/wp\/v2\/posts\/6702","targetHints":{"allow":["GET"]}}],"collection":[{"href":"http:\/\/www.snepfsu-aix.net\/aix\/wp-json\/wp\/v2\/posts"}],"about":[{"href":"http:\/\/www.snepfsu-aix.net\/aix\/wp-json\/wp\/v2\/types\/post"}],"author":[{"embeddable":true,"href":"http:\/\/www.snepfsu-aix.net\/aix\/wp-json\/wp\/v2\/users\/2"}],"replies":[{"embeddable":true,"href":"http:\/\/www.snepfsu-aix.net\/aix\/wp-json\/wp\/v2\/comments?post=6702"}],"version-history":[{"count":5,"href":"http:\/\/www.snepfsu-aix.net\/aix\/wp-json\/wp\/v2\/posts\/6702\/revisions"}],"predecessor-version":[{"id":6860,"href":"http:\/\/www.snepfsu-aix.net\/aix\/wp-json\/wp\/v2\/posts\/6702\/revisions\/6860"}],"wp:attachment":[{"href":"http:\/\/www.snepfsu-aix.net\/aix\/wp-json\/wp\/v2\/media?parent=6702"}],"wp:term":[{"taxonomy":"category","embeddable":true,"href":"http:\/\/www.snepfsu-aix.net\/aix\/wp-json\/wp\/v2\/categories?post=6702"},{"taxonomy":"post_tag","embeddable":true,"href":"http:\/\/www.snepfsu-aix.net\/aix\/wp-json\/wp\/v2\/tags?post=6702"}],"curies":[{"name":"wp","href":"https:\/\/api.w.org\/{rel}","templated":true}]}}