{"id":6616,"date":"2022-01-06T15:07:47","date_gmt":"2022-01-06T14:07:47","guid":{"rendered":"http:\/\/www.snepfsu-aix.net\/aix\/?p=6616"},"modified":"2022-01-06T15:07:49","modified_gmt":"2022-01-06T14:07:49","slug":"crunss-du-4-janvier-2022","status":"publish","type":"post","link":"http:\/\/www.snepfsu-aix.net\/aix\/crunss-du-4-janvier-2022\/","title":{"rendered":"CRUNSS du 4 janvier 2022"},"content":{"rendered":"\n<p><img decoding=\"async\" class=\"alignleft\" src=\"http:\/\/www.snepfsu-aix.net\/aix\/wp-content\/uploads\/2022\/01\/UNSS-AIx-Mars-covid.jpg\" alt=\"\" \/>Le conseil r\u00e9gional UNSS d&rsquo;Aix Marseille a eu lieu le mardi 4 janvier 2022 avec la pr\u00e9sence du recteur (30 min puis parti) et de la directrice national adjointe Nathalie Grand qui n\u2019a fait aucune remarque suite \u00e0 <a href=\"http:\/\/www.snepfsu-aix.net\/aix\/wp-content\/uploads\/2022\/01\/declaration-CR-UNSS-4-JANVIER-2022-SNEP-FSU56995.pdf\">la d\u00e9claration liminaire du SNEP FSU Aix-Marseille<\/a> et la nomination d\u2019Olivier Girault \u00e0 la t\u00eate de l&rsquo;UNSS.<\/p>\n<p>Nous avons r\u00e9it\u00e9r\u00e9 le besoin urgent et imp\u00e9rieux d&rsquo;un protocole sp\u00e9cifique UNSS avec un engagement clair du nouveau directeur sur les groupes constitu\u00e9s et reprise des comp\u00e9titions.<\/p>\n<p>Le recteur a \u00e9t\u00e9 sensible sur le pass sanitaire demand\u00e9 pour le ski et doit prendre contact avec le Dasen du 05. Le SNEP a demand\u00e9 un suivi sur ce point pr\u00e9cis.<\/p>\n<p>Vos repr\u00e9sentants SNEP-FSU Aix-Marseille lors de ce CRUNSS: Nathalie BOJKO et Sophie RIEU<\/p>\n<p>Lire \u00e9galement l&rsquo;article du SNEP national sur la nomination politique d&rsquo;Olivier Girault \u00e0 la t\u00eate de l&rsquo;UNSS national: \u00ab\u00a0<a href=\"https:\/\/lesite.snepfsu.fr\/actualites\/communiques\/direction-unss-le-fait-du-prince\/\">le fait du prince?\u00a0\u00bb<\/a><\/p>\n<p><img loading=\"lazy\" decoding=\"async\" class=\"\" src=\"https:\/\/lesite.snepfsu.fr\/wp-content\/uploads\/2021\/12\/cp-blanquer-fait-du-prince.jpg\" alt=\"\" width=\"398\" height=\"266\" \/><\/p>\n","protected":false},"excerpt":{"rendered":"<p>Le conseil r\u00e9gional UNSS d&rsquo;Aix Marseille a eu lieu le mardi 4 janvier 2022 avec la pr\u00e9sence du recteur (30<\/p>\n","protected":false},"author":2,"featured_media":0,"comment_status":"closed","ping_status":"open","sticky":false,"template":"","format":"standard","meta":{"footnotes":""},"categories":[1],"tags":[],"class_list":["post-6616","post","type-post","status-publish","format-standard","hentry","category-non-classe"],"_links":{"self":[{"href":"http:\/\/www.snepfsu-aix.net\/aix\/wp-json\/wp\/v2\/posts\/6616","targetHints":{"allow":["GET"]}}],"collection":[{"href":"http:\/\/www.snepfsu-aix.net\/aix\/wp-json\/wp\/v2\/posts"}],"about":[{"href":"http:\/\/www.snepfsu-aix.net\/aix\/wp-json\/wp\/v2\/types\/post"}],"author":[{"embeddable":true,"href":"http:\/\/www.snepfsu-aix.net\/aix\/wp-json\/wp\/v2\/users\/2"}],"replies":[{"embeddable":true,"href":"http:\/\/www.snepfsu-aix.net\/aix\/wp-json\/wp\/v2\/comments?post=6616"}],"version-history":[{"count":1,"href":"http:\/\/www.snepfsu-aix.net\/aix\/wp-json\/wp\/v2\/posts\/6616\/revisions"}],"predecessor-version":[{"id":6619,"href":"http:\/\/www.snepfsu-aix.net\/aix\/wp-json\/wp\/v2\/posts\/6616\/revisions\/6619"}],"wp:attachment":[{"href":"http:\/\/www.snepfsu-aix.net\/aix\/wp-json\/wp\/v2\/media?parent=6616"}],"wp:term":[{"taxonomy":"category","embeddable":true,"href":"http:\/\/www.snepfsu-aix.net\/aix\/wp-json\/wp\/v2\/categories?post=6616"},{"taxonomy":"post_tag","embeddable":true,"href":"http:\/\/www.snepfsu-aix.net\/aix\/wp-json\/wp\/v2\/tags?post=6616"}],"curies":[{"name":"wp","href":"https:\/\/api.w.org\/{rel}","templated":true}]}}