{"id":6530,"date":"2021-11-25T10:41:22","date_gmt":"2021-11-25T09:41:22","guid":{"rendered":"http:\/\/www.snepfsu-aix.net\/aix\/?p=6530"},"modified":"2021-11-25T10:41:24","modified_gmt":"2021-11-25T09:41:24","slug":"demande-de-conges-de-formation-2022-2023","status":"publish","type":"post","link":"http:\/\/www.snepfsu-aix.net\/aix\/demande-de-conges-de-formation-2022-2023\/","title":{"rendered":"Demande de cong\u00e9s de formation 2022\/2023"},"content":{"rendered":"\n<p><img loading=\"lazy\" decoding=\"async\" class=\"alignleft\" src=\"http:\/\/www.snepfsu-aix.net\/aix\/wp-content\/uploads\/2021\/11\/Demande-conges-de-formation.png\" alt=\"\" width=\"324\" height=\"324\" \/>Retrouvez toutes les informations dans le BA du 22\/11\/2021 : <a href=\"http:\/\/www.snepfsu-aix.net\/aix\/wp-content\/uploads\/2021\/11\/CONGESFORMATION222355796.pdf\">CLIQUEZ ICI<\/a><\/p>\n<p><span style=\"color: #ff0000;\">MODE D\u2019ACCES AU SERVEUR ACADEMIQUE INTRANET :<\/span><br \/>\u25baSaisissez l\u2019adresse suivante : <a href=\"https:\/\/appli.ac-aix-marseille.fr\/conform\">https:\/\/appli.ac-aix-marseille.fr\/conform<\/a> (ne pas garder<br \/>cette adresse dans vos favoris pour garantir le processus d\u2019authentification)<br \/>L\u2019identifiant et le mot de passe \u00e0 saisir sont ceux utilis\u00e9s pour l\u2019acc\u00e8s \u00e0 votre messagerie<br \/>acad\u00e9mique.<br \/>\u25baSaisissez votre identifiant en minuscules sans accent : g\u00e9n\u00e9ralement la 1\u00e8re lettre de votre<br \/>pr\u00e9nom suivie de votre nom. En cas d\u2019homonymie, votre identifiant se termine par 1 ou 2 chiffres.<br \/>\u25baSaisissez votre mot de passe (en principe votre NUMEN sauf si vous l\u2019avez modifi\u00e9). En cas<br \/>de perte ou d\u2019oubli, veuillez vous rendre \u00e0 l\u2019adresse suivante : https:\/\/messagerie.ac-aixmarseille.fr et suivre les indications pour le r\u00e9cup\u00e9rer.<br \/>\u25baCliquez sur le bouton \u00ab Valider \u00bb.<\/p>\n<p><span style=\"color: #ff0000;\">PERIODE D\u2019OUVERTURE DU SERVEUR :<\/span><br \/><strong>DU LUNDI 22 novembre 2021 AU JEUDI 16 d\u00e9cembre 2021 INCLUS*<\/strong><br \/>*Toute demande effectu\u00e9e hors d\u00e9lai par voie manuscrite ne sera pas prise en<br \/>consid\u00e9ration. Aucune d\u00e9rogation ne sera possible.<\/p>\n<p><br \/><span style=\"color: #ff0000;\">CONFIRMATION DE L\u2019INSCRIPTION PAR L\u2019ACCUSE DE RECEPTION (AR) :<\/span><br \/>Apr\u00e8s la cl\u00f4ture de la campagne, un accus\u00e9 de r\u00e9ception (AR) de la candidature des personnels<br \/>concern\u00e9s, sera adress\u00e9 aux chefs d\u2019\u00e9tablissement ou directeurs de CIO qui devront les dater et<br \/>les signer, puis les remettre aux int\u00e9ress\u00e9s.<br \/>N.B. : Cet accus\u00e9 de r\u00e9ception doit \u00eatre conserv\u00e9 par l\u2019int\u00e9ress\u00e9(e) comme preuve que sa<br \/>candidature est bien enregistr\u00e9e.<br \/>En cas de non r\u00e9ception de cet AR par l<strong>\u2019\u00e9tablissement au plus tard le 14 janvier 2022<\/strong> il<br \/>appartiendra \u00e0 l\u2019\u00e9tablissement de contacter le Rectorat\u2013 DIPE (Mme SCHNEIDER &#8211; t\u00e9l :<br \/>04.42.91.73.76 &#8211; mail : catherine.schneider@ac-aix-marseille.fr).<\/p>\n","protected":false},"excerpt":{"rendered":"<p>Retrouvez toutes les informations dans le BA du 22\/11\/2021 : CLIQUEZ ICI MODE D\u2019ACCES AU SERVEUR ACADEMIQUE INTRANET :\u25baSaisissez l\u2019adresse<\/p>\n","protected":false},"author":2,"featured_media":0,"comment_status":"closed","ping_status":"open","sticky":false,"template":"","format":"standard","meta":{"footnotes":""},"categories":[1],"tags":[],"class_list":["post-6530","post","type-post","status-publish","format-standard","hentry","category-non-classe"],"_links":{"self":[{"href":"http:\/\/www.snepfsu-aix.net\/aix\/wp-json\/wp\/v2\/posts\/6530","targetHints":{"allow":["GET"]}}],"collection":[{"href":"http:\/\/www.snepfsu-aix.net\/aix\/wp-json\/wp\/v2\/posts"}],"about":[{"href":"http:\/\/www.snepfsu-aix.net\/aix\/wp-json\/wp\/v2\/types\/post"}],"author":[{"embeddable":true,"href":"http:\/\/www.snepfsu-aix.net\/aix\/wp-json\/wp\/v2\/users\/2"}],"replies":[{"embeddable":true,"href":"http:\/\/www.snepfsu-aix.net\/aix\/wp-json\/wp\/v2\/comments?post=6530"}],"version-history":[{"count":1,"href":"http:\/\/www.snepfsu-aix.net\/aix\/wp-json\/wp\/v2\/posts\/6530\/revisions"}],"predecessor-version":[{"id":6533,"href":"http:\/\/www.snepfsu-aix.net\/aix\/wp-json\/wp\/v2\/posts\/6530\/revisions\/6533"}],"wp:attachment":[{"href":"http:\/\/www.snepfsu-aix.net\/aix\/wp-json\/wp\/v2\/media?parent=6530"}],"wp:term":[{"taxonomy":"category","embeddable":true,"href":"http:\/\/www.snepfsu-aix.net\/aix\/wp-json\/wp\/v2\/categories?post=6530"},{"taxonomy":"post_tag","embeddable":true,"href":"http:\/\/www.snepfsu-aix.net\/aix\/wp-json\/wp\/v2\/tags?post=6530"}],"curies":[{"name":"wp","href":"https:\/\/api.w.org\/{rel}","templated":true}]}}