{"id":6523,"date":"2021-11-24T18:25:20","date_gmt":"2021-11-24T17:25:20","guid":{"rendered":"http:\/\/www.snepfsu-aix.net\/aix\/?p=6523"},"modified":"2021-11-24T18:25:22","modified_gmt":"2021-11-24T17:25:22","slug":"forfait-mobilite-jusquau-200e","status":"publish","type":"post","link":"http:\/\/www.snepfsu-aix.net\/aix\/forfait-mobilite-jusquau-200e\/","title":{"rendered":"Forfait mobilit\u00e9: jusqu&rsquo;au 200\u20ac"},"content":{"rendered":"\n<p><img loading=\"lazy\" decoding=\"async\" class=\"alignleft\" src=\"http:\/\/www.snepfsu-aix.net\/aix\/wp-content\/uploads\/2021\/11\/Forfait-mobilite.png\" alt=\"\" width=\"314\" height=\"314\" \/><\/p>\n<p>Le nouveau bulletin acad\u00e9mique du 15 novembre 2021 pr\u00e9sente les conditions et les modalit\u00e9s de mise en \u0153uvre du forfait mobilit\u00e9s durables<br \/>dans l\u2019acad\u00e9mie: <a href=\"http:\/\/www.snepfsu-aix.net\/aix\/wp-content\/uploads\/2021\/11\/FORFAITMOBILITE55797.pdf\">CLIQUEZ ICI<\/a>\u00a0<br \/>Ce dispositif permet de b\u00e9n\u00e9ficier d\u2019un accompagnement financier pour les d\u00e9placements domicile travail effectu\u00e9s \u00e0 v\u00e9lo personnel ou en covoiturage.<\/p>\n<p>Votre demande est \u00e0 d\u00e9poser aupr\u00e8s de votre chef d&rsquo;\u00e9tablissement avant le 31 d\u00e9cembre 2021: <a href=\"https:\/\/bulacad.ac-aix-marseille.fr\/uploads\/BA\/BA908\/Formulaire%20demande%20FMD%202021.pdf?ts=1637773780\">FORMULAIRE DE DEMANDE<\/a><\/p>\n<p>\u00a0<\/p>\n","protected":false},"excerpt":{"rendered":"<p>Le nouveau bulletin acad\u00e9mique du 15 novembre 2021 pr\u00e9sente les conditions et les modalit\u00e9s de mise en \u0153uvre du forfait<\/p>\n","protected":false},"author":2,"featured_media":0,"comment_status":"closed","ping_status":"open","sticky":false,"template":"","format":"standard","meta":{"footnotes":""},"categories":[1],"tags":[],"class_list":["post-6523","post","type-post","status-publish","format-standard","hentry","category-non-classe"],"_links":{"self":[{"href":"http:\/\/www.snepfsu-aix.net\/aix\/wp-json\/wp\/v2\/posts\/6523","targetHints":{"allow":["GET"]}}],"collection":[{"href":"http:\/\/www.snepfsu-aix.net\/aix\/wp-json\/wp\/v2\/posts"}],"about":[{"href":"http:\/\/www.snepfsu-aix.net\/aix\/wp-json\/wp\/v2\/types\/post"}],"author":[{"embeddable":true,"href":"http:\/\/www.snepfsu-aix.net\/aix\/wp-json\/wp\/v2\/users\/2"}],"replies":[{"embeddable":true,"href":"http:\/\/www.snepfsu-aix.net\/aix\/wp-json\/wp\/v2\/comments?post=6523"}],"version-history":[{"count":1,"href":"http:\/\/www.snepfsu-aix.net\/aix\/wp-json\/wp\/v2\/posts\/6523\/revisions"}],"predecessor-version":[{"id":6526,"href":"http:\/\/www.snepfsu-aix.net\/aix\/wp-json\/wp\/v2\/posts\/6523\/revisions\/6526"}],"wp:attachment":[{"href":"http:\/\/www.snepfsu-aix.net\/aix\/wp-json\/wp\/v2\/media?parent=6523"}],"wp:term":[{"taxonomy":"category","embeddable":true,"href":"http:\/\/www.snepfsu-aix.net\/aix\/wp-json\/wp\/v2\/categories?post=6523"},{"taxonomy":"post_tag","embeddable":true,"href":"http:\/\/www.snepfsu-aix.net\/aix\/wp-json\/wp\/v2\/tags?post=6523"}],"curies":[{"name":"wp","href":"https:\/\/api.w.org\/{rel}","templated":true}]}}