{"id":6465,"date":"2021-11-12T16:52:44","date_gmt":"2021-11-12T15:52:44","guid":{"rendered":"http:\/\/www.snepfsu-aix.net\/aix\/?p=6465"},"modified":"2021-11-27T18:34:55","modified_gmt":"2021-11-27T17:34:55","slug":"2-dec-2021-les-retraites-en-action","status":"publish","type":"post","link":"http:\/\/www.snepfsu-aix.net\/aix\/2-dec-2021-les-retraites-en-action\/","title":{"rendered":"2 d\u00e9c 2021: les retrait\u00e9s en action!"},"content":{"rendered":"\n<p><\/p>\n\n\n\n<p><img loading=\"lazy\" decoding=\"async\" class=\"alignleft\" src=\"http:\/\/www.snepfsu-aix.net\/aix\/wp-content\/uploads\/2021\/11\/appel-souscription-manif-retraite-2-dec.png\" alt=\"\" width=\"486\" height=\"407\" \/><\/p>\n\n\n\n<p><strong>Ensemble, pour contribuer \u00e0 la r\u00e9ussite de la m<\/strong><strong>anifestation Retraites&nbsp;:<\/strong><strong> <\/strong><strong>Paris le 2 d\u00e9cembre 2021 <\/strong><strong>\u00e0 l\u2019appel de l\u2019Intersyndicale retrait\u00e9s <\/strong><strong><u>FSU<\/u><\/strong><strong> &#8211; <\/strong><strong>CGT<\/strong><strong> <\/strong><strong>&#8211;<\/strong><strong> <\/strong><strong>FO<\/strong><strong> <\/strong><strong>&#8211;<\/strong><strong>&nbsp;&nbsp; <\/strong><strong>Solidaires<\/strong><strong> <\/strong><strong>&#8211;<\/strong><strong> <\/strong><strong>CFTC<\/strong><strong> <\/strong><strong>&#8211;<\/strong><strong> <\/strong><strong>CGC- FGR<\/strong><strong> <\/strong><strong>&#8211;<\/strong><strong> <\/strong><strong>LSR- Ensemble &#8211;<\/strong><strong> (*)<\/strong><\/p>\n\n\n\n<p><strong>Il n&rsquo;y a pas de manifestation locale mais vous pouvez \u00eatre solidaire via l&rsquo;appel \u00e0 souscription<\/strong><strong>, dont le but est d&rsquo;indemniser les syndiqu\u00e9-es qui auront fait le d\u00e9placement \u00e0 Paris. Votre ch\u00e8que&nbsp; <\/strong><strong>\u00e0 l&rsquo;<u>ordre de<\/u><em>\u00ab\u00a0<\/em><em><u>SNE<\/u>P<\/em><\/strong><strong><em>\u00ab\u00a0, <\/em><\/strong><strong><em>peut \u00eatre adress\u00e9 \u00e0 L Pasini &#8211; T3 SNEP, 4 All\u00e9e H.Puech 13500 Martigues<\/em><\/strong><strong><em>, <\/em><\/strong><strong><em><u>en pr\u00e9cisant au dos<\/u><\/em><\/strong><strong><em> \u00ab\u00a0manif retraites du 2 d\u00e9cembre 2021<\/em><\/strong><strong>\u00ab\u00a0. Merci \u00e0 vous.<\/strong><\/p>\n\n\n\n<p>Nous sommes tous-toutes concern\u00e9-es, les menaces restent pr\u00e9sentes m\u00eame si la r\u00e9forme des retraites semble en passe d&rsquo;\u00eatre une nouvelle fois report\u00e9e. Les d\u00e9clarations faites dans le cadre de la campagne pr\u00e9sidentielle laissent entrevoir les projets des uns et des autres.<strong> <u>La question reste bien d&rsquo;actualit\u00e9.<\/u>&nbsp; D&rsquo;autres sujets alimentent les inqui\u00e9tudes des retrait\u00e9s actuels (ou futurs) : abandon de la loi Grand Age, financement de la s\u00e9curit\u00e9 sociale (PLFSS) renfor\u00e7ant le glissement vers l&rsquo;imp\u00f4t, exclusion des retrait\u00e9-e-s de la Protection Sociale Compl\u00e9mentaire et hausse m\u00e9canique des cotisations mutualistes, d\u00e9gradation continue du pouvoir d&rsquo;achat depuis des ann\u00e9es, p\u00e9niblement limit\u00e9e par la revalorisation de 1,6% au 1<sup>er<\/sup> janvier 2022, sujets dont nous reparlerons prochainement, <\/strong>cf article \u00ab\u00a0grande s\u00e9cu\u00a0\u00bb du Canard Enchain\u00e9 de la semaine derni\u00e8re.<\/p>\n\n\n\n<p><strong>(*)<\/strong> <em>Lire en PJ&nbsp; le communiqu\u00e9 de l\u2019Intersyndicale nationale. <\/em><em>Les retrait\u00e9-es sont \u00e0 l&rsquo;initiative de cette action, ils ont propos\u00e9 d&rsquo;\u00e9largir la mobilisation \u00e0 l&rsquo;ensemble des actives-actifs, pour mieux informer l&rsquo;opinion publique, d\u00e9fendre nos retraites et la place des retrait\u00e9-e-s dans la soci\u00e9t\u00e9. <\/em><em><u>Si vous pouvez vous d\u00e9placer \u00e0 Paris <\/u><\/em><em>:&nbsp; Le d\u00e9part de la manifestation sera sans doute fix\u00e9 \u00e0 13H<\/em><em>, rdv \u00e0 Denfert Rochereau. <\/em><em>Prise en charge d&rsquo;une <\/em><em>partie du billet, en fonction du succ\u00e8s de la souscription.<\/em><\/p>\n\n\n\n<div class=\"wp-block-image\"><figure class=\"alignright size-full is-resized\"><img loading=\"lazy\" decoding=\"async\" src=\"http:\/\/www.snepfsu-aix.net\/aix\/wp-content\/uploads\/2021\/11\/greve.jpg\" alt=\"\" class=\"wp-image-6466\" width=\"355\" height=\"237\" srcset=\"http:\/\/www.snepfsu-aix.net\/aix\/wp-content\/uploads\/2021\/11\/greve.jpg 720w, http:\/\/www.snepfsu-aix.net\/aix\/wp-content\/uploads\/2021\/11\/greve-300x200.jpg 300w\" sizes=\"auto, (max-width: 355px) 100vw, 355px\" \/><\/figure><\/div>\n\n\n\n<p><strong>R\u00e9ussissons ensemble la manifestation du 2 d\u00e9cembre 2021 !<\/strong><\/p>\n\n\n\n<p><em>A<\/em><em>dh\u00e9sion 2021-2022.<\/em><strong><em> <\/em><\/strong><em>J&rsquo;en profite pour remercier<\/em><em> ceux et celles qui ont d\u00e9j\u00e0 r\u00e9gularis\u00e9 leur cotisation ou qui sont en pr\u00e9l\u00e8vement automatique programm\u00e9. Si vous n&rsquo;avez pas encore fait la d\u00e9marche pour cette ann\u00e9e &#8212;&#8212;&nbsp; RDV sur :&nbsp; <a href=\"http:\/\/www.snepfsu-aix.net\/aix\/adhesion\/\">http:\/\/www.snepfsu-aix.net\/aix\/adhesion\/<\/a>&nbsp;&nbsp;&nbsp;&nbsp;&nbsp; Pensez \u00e0 le faire d\u00e8s que possible.<\/em>e<\/p>\n\n\n\n<p>Face \u00e0 un gouvernement et un patronat qui restent sourds \u00e0 leurs exigences sociales, les retrait\u00e9s restent d\u00e9termin\u00e9s \u00e0 agir<strong>.<\/strong><\/p>\n\n\n\n<p>Jeudi 2 d\u00e9cembre 2021, les organisations syndicales et associatives de retrait\u00e9s appellent \u00e0 une puissante manifestation \u00e0 Paris.<\/p>\n\n\n\n<p>T<a href=\"https:\/\/www.snepfsu.net\/retraite\/index.php\">outes les infos ici<\/a> sur le site national.<\/p>\n\n\n\n<p>M\u00eame si la r\u00e9forme des retraites semble en passe d&rsquo;\u00eatre une nouvelle fois report\u00e9e, les menaces restent pr\u00e9sentes. Les d\u00e9clarations faites dans le cadre de la campagne pr\u00e9sidentielle laissent entrevoir les projets des uns et des autres. La question reste bien d&rsquo;actualit\u00e9.<\/p>\n\n\n\n<p>D&rsquo;autres sujets alimentent les inqui\u00e9tudes des retrait\u00e9s actuels (ou futurs) : abandon de la loi Grand Age, financement de la s\u00e9curit\u00e9 sociale (PLFSS) renfor\u00e7ant le glissement vers l&rsquo;imp\u00f4t, exclusion des retrait\u00e9-e-s de la Protection Sociale Compl\u00e9mentaire et hausse m\u00e9canique des cotisations mutualistes, d\u00e9gradation continue du pouvoir d&rsquo;achat depuis des ann\u00e9es, p\u00e9niblement limit\u00e9e par la revalorisation de 1,6% au 1<sup>er<\/sup> janvier 2022.<\/p>\n\n\n\n<p>Les retrait\u00e9-es, \u00e0 l&rsquo;initiative de cette action, proposent d&rsquo;\u00e9largir la mobilisation \u00e0 l&rsquo;ensemble des actives-actifs, pour mieux informer l&rsquo;opinion publique, d\u00e9fendre nos retraites et la place des retrait\u00e9-e-s dans la soci\u00e9t\u00e9.<strong><em> <a href=\"https:\/\/www.snepfsu.net\/retraite\/docs\/20211014-appel-manif-2-decembre-2021.pdf\">Lire en PJ&nbsp; le communiqu\u00e9 de l\u2019Intersyndicale nationale.<\/a><\/em><\/strong><\/p>\n\n\n\n<p><strong>. 1 &#8211; Si vous pouvez vous d\u00e9placer \u00e0 Paris<\/strong> :&nbsp; Chacun-e est donc invit\u00e9-e \u00e0 acheter son billet pour rejoindre Paris. Le d\u00e9part de la manifestation sera sans doute fix\u00e9 \u00e0 13H, comme toute manifestation nationale. A ce stade, nous ignorons encore le parcours de la manifestation. Pr\u00e9cisions ult\u00e9rieures attendues. Nous envisageons de prendre en charge <strong>une <\/strong><strong>partie<\/strong> du billet, en fonction du succ\u00e8s de la souscription que nous proposons ci dessous &#8230;, conservez une photocopie de votre billet.<\/p>\n\n\n\n<p><strong>. 2 &#8211; Si vous pr\u00e9f\u00e9rez \u00eatre solidaire via l&rsquo;appel \u00e0 souscription : c<\/strong><strong>elles et ceux qui ne participeront pas <\/strong>\u00e0 la manifestation peuvent opter pour la solidarit\u00e9 financi\u00e8re, en adressant un ch\u00e8que du montant de votre choix &nbsp; \u00e0 l&rsquo;ordre de<em><u>\u00ab\u00a0<\/u><\/em><em><u>SNE<\/u><\/em><em><u>P<\/u><\/em><em>\u00ab\u00a0, <\/em><em>adress\u00e9 \u00e0 L Pasini &#8211; T3 SNEP, 4 All\u00e9e H.Puech 13500 Martigues<\/em><em>, <\/em>en pr\u00e9cisant au dos \u00ab\u00a0manif retraites du 2 d\u00e9cembre 2021\u00a0\u00bb. afin d&rsquo;indemniser ceux ou celles qui auront fait le d\u00e9placement.<\/p>\n\n\n\n<p><strong>R\u00e9ussissons ensemble la manifestation du 2 d\u00e9cembre 2021 !<\/strong><\/p>\n\n\n\n<p>Lire \u00e9galement notre tract: <a href=\"http:\/\/www.snepfsu-aix.net\/aix\/wp-content\/uploads\/2021\/11\/Secteur-Retraites-SNEP-action-2-dec.pdf\">CLIQUEZ ICI<\/a><\/p>\n\n\n\n<p><\/p>\n\n\n","protected":false},"excerpt":{"rendered":"<p>Ensemble, pour contribuer \u00e0 la r\u00e9ussite de la manifestation Retraites&nbsp;: Paris le 2 d\u00e9cembre 2021 \u00e0 l\u2019appel de l\u2019Intersyndicale retrait\u00e9s<\/p>\n","protected":false},"author":2,"featured_media":0,"comment_status":"closed","ping_status":"open","sticky":false,"template":"","format":"standard","meta":{"footnotes":""},"categories":[1],"tags":[],"class_list":["post-6465","post","type-post","status-publish","format-standard","hentry","category-non-classe"],"_links":{"self":[{"href":"http:\/\/www.snepfsu-aix.net\/aix\/wp-json\/wp\/v2\/posts\/6465","targetHints":{"allow":["GET"]}}],"collection":[{"href":"http:\/\/www.snepfsu-aix.net\/aix\/wp-json\/wp\/v2\/posts"}],"about":[{"href":"http:\/\/www.snepfsu-aix.net\/aix\/wp-json\/wp\/v2\/types\/post"}],"author":[{"embeddable":true,"href":"http:\/\/www.snepfsu-aix.net\/aix\/wp-json\/wp\/v2\/users\/2"}],"replies":[{"embeddable":true,"href":"http:\/\/www.snepfsu-aix.net\/aix\/wp-json\/wp\/v2\/comments?post=6465"}],"version-history":[{"count":3,"href":"http:\/\/www.snepfsu-aix.net\/aix\/wp-json\/wp\/v2\/posts\/6465\/revisions"}],"predecessor-version":[{"id":6551,"href":"http:\/\/www.snepfsu-aix.net\/aix\/wp-json\/wp\/v2\/posts\/6465\/revisions\/6551"}],"wp:attachment":[{"href":"http:\/\/www.snepfsu-aix.net\/aix\/wp-json\/wp\/v2\/media?parent=6465"}],"wp:term":[{"taxonomy":"category","embeddable":true,"href":"http:\/\/www.snepfsu-aix.net\/aix\/wp-json\/wp\/v2\/categories?post=6465"},{"taxonomy":"post_tag","embeddable":true,"href":"http:\/\/www.snepfsu-aix.net\/aix\/wp-json\/wp\/v2\/tags?post=6465"}],"curies":[{"name":"wp","href":"https:\/\/api.w.org\/{rel}","templated":true}]}}