{"id":6286,"date":"2021-10-03T18:08:03","date_gmt":"2021-10-03T16:08:03","guid":{"rendered":"http:\/\/www.snepfsu-aix.net\/aix\/?p=6286"},"modified":"2021-10-03T18:27:41","modified_gmt":"2021-10-03T16:27:41","slug":"demande-allegement-horaire-et-amenagement-de-poste","status":"publish","type":"post","link":"http:\/\/www.snepfsu-aix.net\/aix\/demande-allegement-horaire-et-amenagement-de-poste\/","title":{"rendered":"Demande all\u00e8gement horaire et am\u00e9nagement de poste"},"content":{"rendered":"\n<p><img decoding=\"async\" class=\"alignleft\" src=\"http:\/\/www.snepfsu-aix.net\/aix\/wp-content\/uploads\/2021\/10\/poste-adaptes-1.png\" alt=\"\" \/>Voici la\u00a0 nouvelle circulaire pour demande d\u2019all\u00e8gement horaire, am\u00e9nagement de poste et poste adapt\u00e9: <a href=\"http:\/\/www.snepfsu-aix.net\/aix\/wp-content\/uploads\/2021\/10\/ACCOMPAGNEMENTPERSONNELS13657751923.pdf\">CLIQUEZ ICI<\/a><\/p>\n<p>Dossier \u00e0 constituer avant le 10 d\u00e9cembre.<\/p>\n<p>Pour toute demande d&rsquo;info: corpo-aix@snepfsu.net<\/p>\n","protected":false},"excerpt":{"rendered":"<p>Voici la\u00a0 nouvelle circulaire pour demande d\u2019all\u00e8gement horaire, am\u00e9nagement de poste et poste adapt\u00e9: CLIQUEZ ICI Dossier \u00e0 constituer avant<\/p>\n","protected":false},"author":2,"featured_media":0,"comment_status":"closed","ping_status":"open","sticky":false,"template":"","format":"standard","meta":{"footnotes":""},"categories":[1],"tags":[],"class_list":["post-6286","post","type-post","status-publish","format-standard","hentry","category-non-classe"],"_links":{"self":[{"href":"http:\/\/www.snepfsu-aix.net\/aix\/wp-json\/wp\/v2\/posts\/6286","targetHints":{"allow":["GET"]}}],"collection":[{"href":"http:\/\/www.snepfsu-aix.net\/aix\/wp-json\/wp\/v2\/posts"}],"about":[{"href":"http:\/\/www.snepfsu-aix.net\/aix\/wp-json\/wp\/v2\/types\/post"}],"author":[{"embeddable":true,"href":"http:\/\/www.snepfsu-aix.net\/aix\/wp-json\/wp\/v2\/users\/2"}],"replies":[{"embeddable":true,"href":"http:\/\/www.snepfsu-aix.net\/aix\/wp-json\/wp\/v2\/comments?post=6286"}],"version-history":[{"count":2,"href":"http:\/\/www.snepfsu-aix.net\/aix\/wp-json\/wp\/v2\/posts\/6286\/revisions"}],"predecessor-version":[{"id":6293,"href":"http:\/\/www.snepfsu-aix.net\/aix\/wp-json\/wp\/v2\/posts\/6286\/revisions\/6293"}],"wp:attachment":[{"href":"http:\/\/www.snepfsu-aix.net\/aix\/wp-json\/wp\/v2\/media?parent=6286"}],"wp:term":[{"taxonomy":"category","embeddable":true,"href":"http:\/\/www.snepfsu-aix.net\/aix\/wp-json\/wp\/v2\/categories?post=6286"},{"taxonomy":"post_tag","embeddable":true,"href":"http:\/\/www.snepfsu-aix.net\/aix\/wp-json\/wp\/v2\/tags?post=6286"}],"curies":[{"name":"wp","href":"https:\/\/api.w.org\/{rel}","templated":true}]}}