{"id":6221,"date":"2021-09-13T16:39:16","date_gmt":"2021-09-13T14:39:16","guid":{"rendered":"http:\/\/www.snepfsu-aix.net\/aix\/?p=6221"},"modified":"2021-09-13T16:40:36","modified_gmt":"2021-09-13T14:40:36","slug":"sport-scolaire-halte-aux-fake-news","status":"publish","type":"post","link":"http:\/\/www.snepfsu-aix.net\/aix\/sport-scolaire-halte-aux-fake-news\/","title":{"rendered":"Sport scolaire: Halte aux fake news!"},"content":{"rendered":"\n<p><img loading=\"lazy\" decoding=\"async\" class=\"alignleft\" src=\"http:\/\/www.snepfsu-aix.net\/aix\/wp-content\/uploads\/2021\/09\/Fakenews-sport-scolaire-1.png\" width=\"595\" height=\"336\" \/><\/p>\n<p>Jeudi dernier, le SNEP-FSU d&rsquo;Aix-Marseille a \u00e9t\u00e9 interpell\u00e9 par des coll\u00e8gues d&rsquo;EPS des Bouches du Rh\u00f4ne. Une communication non officielle aupr\u00e8s des chefs d&rsquo;\u00e9tablissement des Bouches du Rh\u00f4ne indiqu\u00e9e que le sport scolaire \u00e9tait soumis au PASS sanitaire.<\/p>\n<p><strong>Nous avons imm\u00e9diatement interpell\u00e9 la DSDEN 13 et l&rsquo;UNSS 13 pour d\u00e9noncer cette fausse information et la m\u00e9thode de diffusion du message qui laissait croire \u00e0 une communication officielle de la DSDEN 13<\/strong>.<\/p>\n<p>Aujourd&rsquo;hui, lundi 13 septembre 2021, nous nous f\u00e9licitons de la communication officielle de secr\u00e9taire g\u00e9n\u00e9ral de la DSDEN 13, M. Lasalle aupr\u00e8s de tous les \u00e9tablissements du secondaire du d\u00e9partement. M. Lasalle r\u00e9tablit la v\u00e9rit\u00e9 en indiquant bien :<\/p>\n<p>\u00ab\u00a0<em>Mesdames et Messieurs les chefs d&rsquo;\u00e9tablissement,<\/em><\/p>\n<p><em>Il est rappel\u00e9 ce jour par l&rsquo;UNSS que le sport scolaire et universitaire n&rsquo;est pas concern\u00e9 par le pass sanitaire.<\/em><\/p>\n<p><em>D\u00e8s lors qu&rsquo;elle utilise les locaux de votre EPLE ou des locaux r\u00e9serv\u00e9s, votre association sportive peut assurer son activit\u00e9 sans exiger le pass sanitaire.<\/em><\/p>\n<p><em>Bien cordialement<\/em>\u00ab\u00a0.<\/p>\n<p>Nous remercions la DSDEN 13 pour cette d\u00e9marche. N&rsquo;h\u00e9sitez pas \u00e0 solliciter le SNEP-FSU si vous rencontrez des difficult\u00e9s li\u00e9es au sport scolaire.<\/p>\n","protected":false},"excerpt":{"rendered":"<p>Jeudi dernier, le SNEP-FSU d&rsquo;Aix-Marseille a \u00e9t\u00e9 interpell\u00e9 par des coll\u00e8gues d&rsquo;EPS des Bouches du Rh\u00f4ne. Une communication non officielle<\/p>\n","protected":false},"author":2,"featured_media":0,"comment_status":"closed","ping_status":"open","sticky":false,"template":"","format":"standard","meta":{"footnotes":""},"categories":[1],"tags":[],"class_list":["post-6221","post","type-post","status-publish","format-standard","hentry","category-non-classe"],"_links":{"self":[{"href":"http:\/\/www.snepfsu-aix.net\/aix\/wp-json\/wp\/v2\/posts\/6221","targetHints":{"allow":["GET"]}}],"collection":[{"href":"http:\/\/www.snepfsu-aix.net\/aix\/wp-json\/wp\/v2\/posts"}],"about":[{"href":"http:\/\/www.snepfsu-aix.net\/aix\/wp-json\/wp\/v2\/types\/post"}],"author":[{"embeddable":true,"href":"http:\/\/www.snepfsu-aix.net\/aix\/wp-json\/wp\/v2\/users\/2"}],"replies":[{"embeddable":true,"href":"http:\/\/www.snepfsu-aix.net\/aix\/wp-json\/wp\/v2\/comments?post=6221"}],"version-history":[{"count":2,"href":"http:\/\/www.snepfsu-aix.net\/aix\/wp-json\/wp\/v2\/posts\/6221\/revisions"}],"predecessor-version":[{"id":6225,"href":"http:\/\/www.snepfsu-aix.net\/aix\/wp-json\/wp\/v2\/posts\/6221\/revisions\/6225"}],"wp:attachment":[{"href":"http:\/\/www.snepfsu-aix.net\/aix\/wp-json\/wp\/v2\/media?parent=6221"}],"wp:term":[{"taxonomy":"category","embeddable":true,"href":"http:\/\/www.snepfsu-aix.net\/aix\/wp-json\/wp\/v2\/categories?post=6221"},{"taxonomy":"post_tag","embeddable":true,"href":"http:\/\/www.snepfsu-aix.net\/aix\/wp-json\/wp\/v2\/tags?post=6221"}],"curies":[{"name":"wp","href":"https:\/\/api.w.org\/{rel}","templated":true}]}}