{"id":6082,"date":"2021-06-28T16:28:47","date_gmt":"2021-06-28T14:28:47","guid":{"rendered":"http:\/\/www.snepfsu-aix.net\/aix\/?p=6082"},"modified":"2021-06-28T16:32:01","modified_gmt":"2021-06-28T14:32:01","slug":"mobilisation-au-college-de-saint-chamas-contre-la-suppression-de-classe","status":"publish","type":"post","link":"http:\/\/www.snepfsu-aix.net\/aix\/mobilisation-au-college-de-saint-chamas-contre-la-suppression-de-classe\/","title":{"rendered":"Mobilisation au coll\u00e8ge de Saint Chamas contre la suppression de classe"},"content":{"rendered":"\n<p><img loading=\"lazy\" decoding=\"async\" class=\"alignleft\" src=\"http:\/\/www.snepfsu-aix.net\/aix\/wp-content\/uploads\/2021\/06\/Articla-la-Provence-st-chamas.jpg\" alt=\"\" width=\"458\" height=\"526\" \/>L&rsquo;ann\u00e9e derni\u00e8re, malgr\u00e9 le contexte sanitaire, il a \u00e9t\u00e9 d\u00e9cid\u00e9 de supprimer une 6e \u00e0 Saint-Chamas. Nous passions \u00e0 30 \u00e9l\u00e8ves par classe, avec refus de d\u00e9rogations et m\u00eame des d\u00e9rogations pour \u00ab\u00a0fratrie\u00a0\u00bb. L&rsquo;ann\u00e9e a \u00e9t\u00e9 difficile.<\/p>\n<p>En f\u00e9vrier, \u00e0 la premi\u00e8re dotation, on nous annonce l&rsquo;ouverture d&rsquo;une cinqui\u00e8me 6e et malheureusement la fermeture d&rsquo;une 3e.<\/p>\n<p>Soulag\u00e9 et satisfait de la promesse d&rsquo;une 5e 6e, notre combat a d\u00e9marr\u00e9\u00a0pour garder notre 3e. Au mois de juin, nouvelle DGH, on nous annonce finalement la \u00ab\u00a0non ouverture\u00a0\u00bb de cette 5e 6e. Des moyens ont donc\u00a0 \u00e9t\u00e9 repris au coll\u00e8ge Ren\u00e9 Seyssaud. Nous avons sollicit\u00e9 les parents qui ont r\u00e9pondu pr\u00e9sents et se sont montr\u00e9s tr\u00e8s efficaces.<\/p>\n<p><strong>Actions men\u00e9es :<\/strong><\/p>\n<p>Deux Courriers au Dasen 1 des repr\u00e9sentants des professeurs au CA et 1 des repr\u00e9sentants des parents d&rsquo;\u00e9l\u00e8ves.<\/p>\n<p>jeudi 24 midi, Rassemblement devant le coll\u00e8ge avec banderoles.<\/p>\n<p>\u00a0Pr\u00e9sence de Mme Tartonne,\u00a0 l&rsquo;adjointe au Maire Monsieur khelfa, de l&rsquo;assistante de Monsieur Zulesi, de notre chef d&rsquo;\u00e9tablissement et de la presse.<\/p>\n<p>Enfin, nous avons demand\u00e9 une audience au rectorat et nous sommes dans l&rsquo;attente de leur r\u00e9ponse.<\/p>\n","protected":false},"excerpt":{"rendered":"<p>L&rsquo;ann\u00e9e derni\u00e8re, malgr\u00e9 le contexte sanitaire, il a \u00e9t\u00e9 d\u00e9cid\u00e9 de supprimer une 6e \u00e0 Saint-Chamas. Nous passions \u00e0 30<\/p>\n","protected":false},"author":2,"featured_media":0,"comment_status":"closed","ping_status":"open","sticky":false,"template":"","format":"standard","meta":{"footnotes":""},"categories":[1],"tags":[],"class_list":["post-6082","post","type-post","status-publish","format-standard","hentry","category-non-classe"],"_links":{"self":[{"href":"http:\/\/www.snepfsu-aix.net\/aix\/wp-json\/wp\/v2\/posts\/6082","targetHints":{"allow":["GET"]}}],"collection":[{"href":"http:\/\/www.snepfsu-aix.net\/aix\/wp-json\/wp\/v2\/posts"}],"about":[{"href":"http:\/\/www.snepfsu-aix.net\/aix\/wp-json\/wp\/v2\/types\/post"}],"author":[{"embeddable":true,"href":"http:\/\/www.snepfsu-aix.net\/aix\/wp-json\/wp\/v2\/users\/2"}],"replies":[{"embeddable":true,"href":"http:\/\/www.snepfsu-aix.net\/aix\/wp-json\/wp\/v2\/comments?post=6082"}],"version-history":[{"count":2,"href":"http:\/\/www.snepfsu-aix.net\/aix\/wp-json\/wp\/v2\/posts\/6082\/revisions"}],"predecessor-version":[{"id":6085,"href":"http:\/\/www.snepfsu-aix.net\/aix\/wp-json\/wp\/v2\/posts\/6082\/revisions\/6085"}],"wp:attachment":[{"href":"http:\/\/www.snepfsu-aix.net\/aix\/wp-json\/wp\/v2\/media?parent=6082"}],"wp:term":[{"taxonomy":"category","embeddable":true,"href":"http:\/\/www.snepfsu-aix.net\/aix\/wp-json\/wp\/v2\/categories?post=6082"},{"taxonomy":"post_tag","embeddable":true,"href":"http:\/\/www.snepfsu-aix.net\/aix\/wp-json\/wp\/v2\/tags?post=6082"}],"curies":[{"name":"wp","href":"https:\/\/api.w.org\/{rel}","templated":true}]}}