{"id":6034,"date":"2021-06-16T10:08:42","date_gmt":"2021-06-16T08:08:42","guid":{"rendered":"http:\/\/www.snepfsu-aix.net\/aix\/?p=6034"},"modified":"2021-06-16T10:10:06","modified_gmt":"2021-06-16T08:10:06","slug":"inscription-au-mfin-2022","status":"publish","type":"post","link":"http:\/\/www.snepfsu-aix.net\/aix\/inscription-au-mfin-2022\/","title":{"rendered":"Inscription au MFIN 2022"},"content":{"rendered":"\n<p>MODULES DE FORMATION D\u2019INITIATIVE NATIONALE (MFIN) DANS LE DOMAINE DE L\u2019ADAPTATION SCOLAIRE ET DE LA SCOLARISATION DES ELEVES EN SITUATION DE HANDICAP &#8211; ANNEE SCOLAIRE 2021-2022.<\/p>\n<p>Ce module de formation s&rsquo;adresse \u00e0 des enseignants sp\u00e9cialis\u00e9s qui veulent approfondir leur connaissances ainsi qu&rsquo;\u00e0 des enseignants non sp\u00e9cialis\u00e9s qui veulent d\u00e9velopper leur comp\u00e9tences dans le domaine de la scolarisation des \u00e9l\u00e8ves en situation de handicap.<\/p>\n<p>Inscription jusqu&rsquo;au 25 juin 2021.<\/p>\n<p>Informations et inscription dans le BA: <a href=\"https:\/\/bulacad.ac-aix-marseille.fr\/uploads\/BA\/BA894\/DAFIP894-164.pdf?ts=1623830111\">https:\/\/bulacad.ac-aix-marseille.fr\/uploads\/BA\/BA894\/DAFIP894-164.pdf?ts=1623830111<\/a>\u00a0<\/p>\n","protected":false},"excerpt":{"rendered":"<p>MODULES DE FORMATION D\u2019INITIATIVE NATIONALE (MFIN) DANS LE DOMAINE DE L\u2019ADAPTATION SCOLAIRE ET DE LA SCOLARISATION DES ELEVES EN SITUATION<\/p>\n","protected":false},"author":2,"featured_media":0,"comment_status":"closed","ping_status":"open","sticky":false,"template":"","format":"standard","meta":{"footnotes":""},"categories":[1],"tags":[],"class_list":["post-6034","post","type-post","status-publish","format-standard","hentry","category-non-classe"],"_links":{"self":[{"href":"http:\/\/www.snepfsu-aix.net\/aix\/wp-json\/wp\/v2\/posts\/6034","targetHints":{"allow":["GET"]}}],"collection":[{"href":"http:\/\/www.snepfsu-aix.net\/aix\/wp-json\/wp\/v2\/posts"}],"about":[{"href":"http:\/\/www.snepfsu-aix.net\/aix\/wp-json\/wp\/v2\/types\/post"}],"author":[{"embeddable":true,"href":"http:\/\/www.snepfsu-aix.net\/aix\/wp-json\/wp\/v2\/users\/2"}],"replies":[{"embeddable":true,"href":"http:\/\/www.snepfsu-aix.net\/aix\/wp-json\/wp\/v2\/comments?post=6034"}],"version-history":[{"count":2,"href":"http:\/\/www.snepfsu-aix.net\/aix\/wp-json\/wp\/v2\/posts\/6034\/revisions"}],"predecessor-version":[{"id":6037,"href":"http:\/\/www.snepfsu-aix.net\/aix\/wp-json\/wp\/v2\/posts\/6034\/revisions\/6037"}],"wp:attachment":[{"href":"http:\/\/www.snepfsu-aix.net\/aix\/wp-json\/wp\/v2\/media?parent=6034"}],"wp:term":[{"taxonomy":"category","embeddable":true,"href":"http:\/\/www.snepfsu-aix.net\/aix\/wp-json\/wp\/v2\/categories?post=6034"},{"taxonomy":"post_tag","embeddable":true,"href":"http:\/\/www.snepfsu-aix.net\/aix\/wp-json\/wp\/v2\/tags?post=6034"}],"curies":[{"name":"wp","href":"https:\/\/api.w.org\/{rel}","templated":true}]}}