{"id":6012,"date":"2021-06-11T14:53:57","date_gmt":"2021-06-11T12:53:57","guid":{"rendered":"http:\/\/www.snepfsu-aix.net\/aix\/?p=6012"},"modified":"2021-06-11T15:16:11","modified_gmt":"2021-06-11T13:16:11","slug":"12-juin-manifestations-contre-les-idees-dextreme-droite","status":"publish","type":"post","link":"http:\/\/www.snepfsu-aix.net\/aix\/12-juin-manifestations-contre-les-idees-dextreme-droite\/","title":{"rendered":"12 juin: Manifestations contre les id\u00e9es d&rsquo;extr\u00eame-droite"},"content":{"rendered":"\n<table style=\"width: 100%; height: 766px;\" width=\"550\">\n<tbody>\n<tr style=\"height: 97px;\">\n<td style=\"height: 97px;\">\n<p><strong>12 juin: Manifestations contre les id\u00e9es d&rsquo;extr\u00eame-droite<\/strong><\/p>\n<\/td>\n<\/tr>\n<tr style=\"height: 97px;\">\n<td style=\"height: 97px;\">\u00a0<\/td>\n<\/tr>\n<tr style=\"height: 572px;\">\n<td style=\"height: 572px;\">\n<p><img decoding=\"async\" class=\"alignright\" src=\"http:\/\/www.snepfsu-aix.net\/aix\/wp-content\/uploads\/2021\/06\/Manifestation-14-h-Vieux-Port-de-Marseille-Parcours-Vieux-Port-\u2013-Republique-\u2013-Dames-\u2013-Porte-dAix.-Appel-a-mobilisation-le-12-juin-contre-le-racisme-et-les-idees-dextreme-droite-2.png\" alt=\"\" \/>Depuis maintenant plusieurs mois nous constatons un climat politique et social alarmant. S\u2019allier avec l\u2019extr\u00eame droite ou reprendre ses id\u00e9es ne constituent plus un interdit. Les propos et actes racistes et sexistes au travail et dans la vie se propagent. Les attaques contre les libert\u00e9s et les droits sociaux s\u2019accentuent gravement. Dans ce contexte politique, \u00e9conomique, social et sanitaire les injustices explosent et g\u00e9n\u00e8rent une forte mis\u00e8re sociale.<\/p>\n<p>Face \u00e0 ce climat de haine, raciste et attentatoire aux libert\u00e9s individuelles et collectives, nous avons d\u00e9cid\u00e9 collectivement d\u2019organiser le samedi 12 juin une premi\u00e8re grande journ\u00e9e nationale de manifestation et de mobilisations qui se d\u00e9clinera localement:\u00a0<\/p>\n<ul>\n<li>MARSEILLE: 14 h -Vieux Port<\/li>\n<li>AVIGNON: 10h30 &#8211; Pr\u00e9fecture (Bd Limbert)<\/li>\n<li>GAP: 10h &#8211; Esplanade de la paix<\/li>\n<li>BRIANCON: 14h place de l&rsquo;Europe<\/li>\n<li>DIGNE: 14h &#8211; Place G\u00e9n\u00e9ral de Gaulle<\/li>\n<\/ul>\n<p>Cette journ\u00e9e fait partie des initiatives unitaires qui se multiplient. D\u2019ores et d\u00e9j\u00e0, nos organisations syndicales (dont le SNEP-FSU), politiques, associations, collectifs, signataires de l\u2019appel, ont d\u00e9cid\u00e9 de co-construire ce combat dans la dur\u00e9e. <a href=\"https:\/\/5fkkg.r.a.d.sendibm1.com\/mk\/cl\/f\/M6BkqFEdJqWq-6DyWzs5dUHQwnk8ExHRCnO-zlGdrmkn691u7IWcb6fWHRuUxiUoUo916nH8WoEqCdTc445JZLjAWv7Ve-6nQUAVVkVDZhZ8U7yWImcRhrSs08WlLGn8K11Rw2uXuKF8hR3napKq-Qbw3ia9yN6yPt2da4ttJDkJOhLDWWMEhfdT\">Signez l&rsquo;appel pour les libert\u00e9s<\/a><\/p>\n<\/td>\n<\/tr>\n<\/tbody>\n<\/table>\n","protected":false},"excerpt":{"rendered":"<p>12 juin: Manifestations contre les id\u00e9es d&rsquo;extr\u00eame-droite \u00a0 Depuis maintenant plusieurs mois nous constatons un climat politique et social alarmant.<\/p>\n","protected":false},"author":2,"featured_media":0,"comment_status":"closed","ping_status":"open","sticky":false,"template":"","format":"standard","meta":{"footnotes":""},"categories":[1],"tags":[],"class_list":["post-6012","post","type-post","status-publish","format-standard","hentry","category-non-classe"],"_links":{"self":[{"href":"http:\/\/www.snepfsu-aix.net\/aix\/wp-json\/wp\/v2\/posts\/6012","targetHints":{"allow":["GET"]}}],"collection":[{"href":"http:\/\/www.snepfsu-aix.net\/aix\/wp-json\/wp\/v2\/posts"}],"about":[{"href":"http:\/\/www.snepfsu-aix.net\/aix\/wp-json\/wp\/v2\/types\/post"}],"author":[{"embeddable":true,"href":"http:\/\/www.snepfsu-aix.net\/aix\/wp-json\/wp\/v2\/users\/2"}],"replies":[{"embeddable":true,"href":"http:\/\/www.snepfsu-aix.net\/aix\/wp-json\/wp\/v2\/comments?post=6012"}],"version-history":[{"count":3,"href":"http:\/\/www.snepfsu-aix.net\/aix\/wp-json\/wp\/v2\/posts\/6012\/revisions"}],"predecessor-version":[{"id":6031,"href":"http:\/\/www.snepfsu-aix.net\/aix\/wp-json\/wp\/v2\/posts\/6012\/revisions\/6031"}],"wp:attachment":[{"href":"http:\/\/www.snepfsu-aix.net\/aix\/wp-json\/wp\/v2\/media?parent=6012"}],"wp:term":[{"taxonomy":"category","embeddable":true,"href":"http:\/\/www.snepfsu-aix.net\/aix\/wp-json\/wp\/v2\/categories?post=6012"},{"taxonomy":"post_tag","embeddable":true,"href":"http:\/\/www.snepfsu-aix.net\/aix\/wp-json\/wp\/v2\/tags?post=6012"}],"curies":[{"name":"wp","href":"https:\/\/api.w.org\/{rel}","templated":true}]}}