{"id":5859,"date":"2021-05-11T09:29:22","date_gmt":"2021-05-11T07:29:22","guid":{"rendered":"http:\/\/www.snepfsu-aix.net\/aix\/?p=5859"},"modified":"2021-05-11T09:41:35","modified_gmt":"2021-05-11T07:41:35","slug":"compte-rendu-caen-du-9-fevrier-2021","status":"publish","type":"post","link":"http:\/\/www.snepfsu-aix.net\/aix\/compte-rendu-caen-du-9-fevrier-2021\/","title":{"rendered":"Compte rendu CAEN du 9 f\u00e9vrier 2021"},"content":{"rendered":"\n<p><img loading=\"lazy\" decoding=\"async\" class=\"alignleft\" src=\"http:\/\/www.snepfsu-aix.net\/aix\/wp-content\/uploads\/2021\/05\/C.A.E.N.png\" alt=\"\" width=\"332\" height=\"181\" \/>Le Conseil Acad\u00e9mique de l&rsquo;Education Nationale est l&rsquo;instance acad\u00e9mique qui aborde les sujets d&rsquo;\u00e9ducation au niveau r\u00e9gional. Il est pr\u00e9sid\u00e9 par le Pr\u00e9fet de R\u00e9gion.\u00a0 Son champ d&rsquo;action concerne donc les lyc\u00e9es des acad\u00e9mies d&rsquo;Aix-Marseille et de Nice.<\/p>\n<p>Lors du dernier CAEN du 9 f\u00e9vrier 2021, votre repr\u00e9sentant du SNEP-FSU (Jean CUGIER, membre de la d\u00e9l\u00e9gation FSU PACA)\u00a0 si\u00e9geait pour repr\u00e9senter les professeurs d&rsquo;EPS\u00a0<\/p>\n<p><span style=\"text-decoration: underline;\">Deux interventions ont \u00e9t\u00e9 r\u00e9alis\u00e9es:<\/span><\/p>\n<ul>\n<li>Le SNEP-FSU a r\u00e9clam\u00e9 que la <strong>construction des nouveaux lyc\u00e9es dans la r\u00e9gion pr\u00e9voit la construction de gymnases intra-muros (Lyc\u00e9e Golf-H\u00f4tel \u00e0 Hy\u00e8res, Lyc\u00e9e de Luc-en-Provence et Lyc\u00e9e de Lambesc)<\/strong>. Monsieur MASSIERA (Directeur Lyc\u00e9e \u00e0 la R\u00e9gion PACA) a r\u00e9pondu que la construction de ces installations sportives \u00e9taient pr\u00e9vues pour tous les nouveaux lyc\u00e9es.<\/li>\n<\/ul>\n<p>\u00a0<\/p>\n<ul>\n<li>Le SNEP-FSU est \u00e9galement intervenu pour \u00e9voquer la question de l&rsquo;enseignement de sp\u00e9cialit\u00e9 en lyc\u00e9e dont l&rsquo;implantation dans les lyc\u00e9es sera connu trop tardivement cette ann\u00e9e. Cela pose un probl\u00e8me au niveau de la DHG d\u00e9j\u00e0 affect\u00e9e. En effet, il n&rsquo;est pas pr\u00e9vu que la DHG soit augment\u00e9e pour les lyc\u00e9es concern\u00e9s. Le SNEP-FSU a demand\u00e9 que les lyc\u00e9es <strong>publics<\/strong> soient prioritairement dot\u00e9s de cet enseignement.<\/li>\n<\/ul>\n<p><a href=\"http:\/\/www.snepfsu-aix.net\/aix\/wp-content\/uploads\/2021\/05\/CAEN-du-9-fevrier-2021-Annexes.pdf\">LIRE LA DECLARATION FSU PACA<\/a><\/p>\n","protected":false},"excerpt":{"rendered":"<p>Le Conseil Acad\u00e9mique de l&rsquo;Education Nationale est l&rsquo;instance acad\u00e9mique qui aborde les sujets d&rsquo;\u00e9ducation au niveau r\u00e9gional. Il est pr\u00e9sid\u00e9<\/p>\n","protected":false},"author":2,"featured_media":0,"comment_status":"closed","ping_status":"open","sticky":false,"template":"","format":"standard","meta":{"footnotes":""},"categories":[1],"tags":[],"class_list":["post-5859","post","type-post","status-publish","format-standard","hentry","category-non-classe"],"_links":{"self":[{"href":"http:\/\/www.snepfsu-aix.net\/aix\/wp-json\/wp\/v2\/posts\/5859","targetHints":{"allow":["GET"]}}],"collection":[{"href":"http:\/\/www.snepfsu-aix.net\/aix\/wp-json\/wp\/v2\/posts"}],"about":[{"href":"http:\/\/www.snepfsu-aix.net\/aix\/wp-json\/wp\/v2\/types\/post"}],"author":[{"embeddable":true,"href":"http:\/\/www.snepfsu-aix.net\/aix\/wp-json\/wp\/v2\/users\/2"}],"replies":[{"embeddable":true,"href":"http:\/\/www.snepfsu-aix.net\/aix\/wp-json\/wp\/v2\/comments?post=5859"}],"version-history":[{"count":4,"href":"http:\/\/www.snepfsu-aix.net\/aix\/wp-json\/wp\/v2\/posts\/5859\/revisions"}],"predecessor-version":[{"id":5866,"href":"http:\/\/www.snepfsu-aix.net\/aix\/wp-json\/wp\/v2\/posts\/5859\/revisions\/5866"}],"wp:attachment":[{"href":"http:\/\/www.snepfsu-aix.net\/aix\/wp-json\/wp\/v2\/media?parent=5859"}],"wp:term":[{"taxonomy":"category","embeddable":true,"href":"http:\/\/www.snepfsu-aix.net\/aix\/wp-json\/wp\/v2\/categories?post=5859"},{"taxonomy":"post_tag","embeddable":true,"href":"http:\/\/www.snepfsu-aix.net\/aix\/wp-json\/wp\/v2\/tags?post=5859"}],"curies":[{"name":"wp","href":"https:\/\/api.w.org\/{rel}","templated":true}]}}