{"id":5593,"date":"2021-03-23T18:27:24","date_gmt":"2021-03-23T17:27:24","guid":{"rendered":"http:\/\/www.snepfsu-aix.net\/aix\/?p=5593"},"modified":"2021-03-23T18:27:26","modified_gmt":"2021-03-23T17:27:26","slug":"retour-en-gymnase-pour-leps-a-carpentras-cest-non","status":"publish","type":"post","link":"http:\/\/www.snepfsu-aix.net\/aix\/retour-en-gymnase-pour-leps-a-carpentras-cest-non\/","title":{"rendered":"Retour en gymnase pour l&rsquo;EPS, \u00e0 Carpentras c&rsquo;est non!"},"content":{"rendered":"\n<p><strong>Le maire de Carpentras refuse l&rsquo;acc\u00e8s des ses installations sportives couvertes aux professeurs d&rsquo;EPS et aux \u00e9l\u00e8ves sur le temps scolaire.\u00a0<a href=\"http:\/\/www.carpentras.fr\/actualites\/03-mars-2021\/les-cours-de-sport-resteront-en-exterieur-a-carpentras.html?q=ouverture%20gymnase&amp;cHash=a84839296321c7fff34ebf84fc159385\">Lire sa d\u00e9claration.<\/a><\/strong><\/p>\n<p><strong>Il se va ainsi \u00e0 l&rsquo;encontre des d\u00e9cisions gouvernementales.<\/strong><\/p>\n<p><strong>Le SNEP d\u00e9nonce cette situation!!! Nous allons rapidement intervenir aupr\u00e8s des services municipaux de Carpentras.<\/strong><\/p>\n","protected":false},"excerpt":{"rendered":"<p>Le maire de Carpentras refuse l&rsquo;acc\u00e8s des ses installations sportives couvertes aux professeurs d&rsquo;EPS et aux \u00e9l\u00e8ves sur le temps<\/p>\n","protected":false},"author":2,"featured_media":0,"comment_status":"closed","ping_status":"open","sticky":false,"template":"","format":"standard","meta":{"footnotes":""},"categories":[1],"tags":[],"class_list":["post-5593","post","type-post","status-publish","format-standard","hentry","category-non-classe"],"_links":{"self":[{"href":"http:\/\/www.snepfsu-aix.net\/aix\/wp-json\/wp\/v2\/posts\/5593","targetHints":{"allow":["GET"]}}],"collection":[{"href":"http:\/\/www.snepfsu-aix.net\/aix\/wp-json\/wp\/v2\/posts"}],"about":[{"href":"http:\/\/www.snepfsu-aix.net\/aix\/wp-json\/wp\/v2\/types\/post"}],"author":[{"embeddable":true,"href":"http:\/\/www.snepfsu-aix.net\/aix\/wp-json\/wp\/v2\/users\/2"}],"replies":[{"embeddable":true,"href":"http:\/\/www.snepfsu-aix.net\/aix\/wp-json\/wp\/v2\/comments?post=5593"}],"version-history":[{"count":1,"href":"http:\/\/www.snepfsu-aix.net\/aix\/wp-json\/wp\/v2\/posts\/5593\/revisions"}],"predecessor-version":[{"id":5594,"href":"http:\/\/www.snepfsu-aix.net\/aix\/wp-json\/wp\/v2\/posts\/5593\/revisions\/5594"}],"wp:attachment":[{"href":"http:\/\/www.snepfsu-aix.net\/aix\/wp-json\/wp\/v2\/media?parent=5593"}],"wp:term":[{"taxonomy":"category","embeddable":true,"href":"http:\/\/www.snepfsu-aix.net\/aix\/wp-json\/wp\/v2\/categories?post=5593"},{"taxonomy":"post_tag","embeddable":true,"href":"http:\/\/www.snepfsu-aix.net\/aix\/wp-json\/wp\/v2\/tags?post=5593"}],"curies":[{"name":"wp","href":"https:\/\/api.w.org\/{rel}","templated":true}]}}