{"id":5478,"date":"2021-03-18T12:15:56","date_gmt":"2021-03-18T11:15:56","guid":{"rendered":"http:\/\/www.snepfsu-aix.net\/aix\/?p=5478"},"modified":"2021-03-18T12:15:57","modified_gmt":"2021-03-18T11:15:57","slug":"le-snep-present-au-rassemblement-du-mercredi-17-mars-devant-la-dsden-13","status":"publish","type":"post","link":"http:\/\/www.snepfsu-aix.net\/aix\/le-snep-present-au-rassemblement-du-mercredi-17-mars-devant-la-dsden-13\/","title":{"rendered":"Le SNEP pr\u00e9sent au rassemblement du mercredi 17 mars devant la DSDEN 13"},"content":{"rendered":"\n<h5><strong>Le SNEP \u00e9tait pr\u00e9sent\u00a0 devant la DSDEN 13 pour r\u00e9clamer plus de moyen pour l&rsquo;\u00e9ducation.\u00a0<\/strong><\/h5>\n<p><img loading=\"lazy\" decoding=\"async\" class=\"alignleft\" src=\"http:\/\/www.snepfsu-aix.net\/aix\/wp-content\/uploads\/2021\/03\/rassemblement-dsden-17-mars.jpg\" alt=\"\" width=\"303\" height=\"228\" \/>A la rentr\u00e9e prochaine, 60 emplois de professeurs seront supprim\u00e9s. Le recours aux heures suppl\u00e9mentaires devient la norme. Or de nombreuses HSA ne sont pas assur\u00e9es. Les DHG de nombreux \u00e9tablissements sont impact\u00e9es par cette volont\u00e9 de r\u00e9duction des d\u00e9penses publiques: suppression de poste, poste \u00e0 compl\u00e9ment de service&#8230;.<\/p>\n<p>Pour rappel, La France est un de pays de l&rsquo;OCDE dont les d\u00e9penses publiques pour l&rsquo;\u00e9ducation sont les plus faibles. \u00ab\u00a0<em>La d\u00e9pense publique d&rsquo;\u00e9ducation est inf\u00e9rieure en France \u00e0 la moyenne de l&rsquo;OCDE. Le pays se situe dans les d\u00e9penses les plus faibles avec 7.8% des d\u00e9penses publiques quand la moyenne est au dessus de 9.8. L&rsquo;\u00e9cart est particuli\u00e8rement net au primaire (2.1 contre 3.4). Depuis 2012, la d\u00e9pense annuelle d&rsquo;\u00e9ducation par \u00e9l\u00e8ve \u00e9volue nettement moins vite en France (+0.3% ) que dans l&rsquo;OCDE(+1.3%)<\/em>\u00a0\u00bb (Extrait article Caf\u00e9 p\u00e9dagogique du 8\/09\/2020).<\/p>\n<p><span style=\"color: #ff0000;\"><strong>Pour exprimer votre col\u00e8re et r\u00e9clamer des moyens, un rassemblement est organis\u00e9 le jeudi 25 mars devant le rectorat d&rsquo;Aix \u00e0 11h. Soyons nombreux pour se faire entendre!<\/strong><\/span><\/p>\n<p>\u00a0<\/p>\n","protected":false},"excerpt":{"rendered":"<p>Le SNEP \u00e9tait pr\u00e9sent\u00a0 devant la DSDEN 13 pour r\u00e9clamer plus de moyen pour l&rsquo;\u00e9ducation.\u00a0 A la rentr\u00e9e prochaine, 60<\/p>\n","protected":false},"author":2,"featured_media":0,"comment_status":"closed","ping_status":"open","sticky":false,"template":"","format":"standard","meta":{"footnotes":""},"categories":[1],"tags":[],"class_list":["post-5478","post","type-post","status-publish","format-standard","hentry","category-non-classe"],"_links":{"self":[{"href":"http:\/\/www.snepfsu-aix.net\/aix\/wp-json\/wp\/v2\/posts\/5478","targetHints":{"allow":["GET"]}}],"collection":[{"href":"http:\/\/www.snepfsu-aix.net\/aix\/wp-json\/wp\/v2\/posts"}],"about":[{"href":"http:\/\/www.snepfsu-aix.net\/aix\/wp-json\/wp\/v2\/types\/post"}],"author":[{"embeddable":true,"href":"http:\/\/www.snepfsu-aix.net\/aix\/wp-json\/wp\/v2\/users\/2"}],"replies":[{"embeddable":true,"href":"http:\/\/www.snepfsu-aix.net\/aix\/wp-json\/wp\/v2\/comments?post=5478"}],"version-history":[{"count":1,"href":"http:\/\/www.snepfsu-aix.net\/aix\/wp-json\/wp\/v2\/posts\/5478\/revisions"}],"predecessor-version":[{"id":5480,"href":"http:\/\/www.snepfsu-aix.net\/aix\/wp-json\/wp\/v2\/posts\/5478\/revisions\/5480"}],"wp:attachment":[{"href":"http:\/\/www.snepfsu-aix.net\/aix\/wp-json\/wp\/v2\/media?parent=5478"}],"wp:term":[{"taxonomy":"category","embeddable":true,"href":"http:\/\/www.snepfsu-aix.net\/aix\/wp-json\/wp\/v2\/categories?post=5478"},{"taxonomy":"post_tag","embeddable":true,"href":"http:\/\/www.snepfsu-aix.net\/aix\/wp-json\/wp\/v2\/tags?post=5478"}],"curies":[{"name":"wp","href":"https:\/\/api.w.org\/{rel}","templated":true}]}}