{"id":5476,"date":"2021-03-18T11:34:31","date_gmt":"2021-03-18T10:34:31","guid":{"rendered":"http:\/\/www.snepfsu-aix.net\/aix\/?p=5476"},"modified":"2021-03-18T11:34:32","modified_gmt":"2021-03-18T10:34:32","slug":"le-snep-fsu-aix-marseille-recu-par-le-secretariat-detat-a-leducation-prioritaire","status":"publish","type":"post","link":"http:\/\/www.snepfsu-aix.net\/aix\/le-snep-fsu-aix-marseille-recu-par-le-secretariat-detat-a-leducation-prioritaire\/","title":{"rendered":"Le SNEP-FSU Aix-Marseille re\u00e7u par le secr\u00e9tariat d&rsquo;\u00e9tat \u00e0 l&rsquo;\u00e9ducation prioritaire"},"content":{"rendered":"\n<p><strong>COMPTE RENDU de l&rsquo;entrevue du Jeudi 11 mars 2021 \u00e0 la DSDEN 13<\/strong><\/p>\n<p><span style=\"text-decoration: underline; color: #ff0000;\">R\u00e9sum\u00e9 interventions du SNEP:<\/span><\/p>\n<ul>\n<li><span style=\"color: #ff0000;\">R\u00e9duction des effectifs de classe \u00e0 16 \u00e9l\u00e8ves par classe en \u00e9ducation prioritaire.<\/span><\/li>\n<li><span style=\"color: #ff0000;\">La fuite vers les \u00e9tablissements du priv\u00e9 accentue\u00a0 les difficult\u00e9s en \u00e9ducation prioritaire, nous avon r\u00e9clam\u00e9 l&rsquo;arr\u00eat du financement des \u00e9tablissements priv\u00e9s. En attendant cette d\u00e9cision, l&rsquo;\u00e9cole priv\u00e9e doit \u00eatre financ\u00e9 au prorata de l&rsquo;int\u00e9gration d&rsquo;\u00e9l\u00e8ves en difficult\u00e9 scolaire ou issus de milieux d\u00e9favoris\u00e9s.<\/span><\/li>\n<li><span style=\"color: #ff0000;\">Prise en charge\u00a0 par l&rsquo;\u00e9tat de 50% du prix de la licence UNSS en REP et REP+: nous avons soulign\u00e9 l&rsquo;importance de l&rsquo;AS pour la pratique sportive des filles dans les quartiers d\u00e9favoris\u00e9s.<\/span><\/li>\n<li><span style=\"color: #ff0000;\">Nous avons r\u00e9clam\u00e9 un enseignant d&rsquo;EPS suppl\u00e9mentaire (en surnum\u00e9raire) par \u00e9tablissement REP et REP+ afin de permettre une vraie politique publique d&rsquo;\u00e9ducation physique ne se r\u00e9sumant pas \u00e0 du gigotage de 30min.<\/span><\/li>\n<\/ul>\n<p><strong><span style=\"font-size: 13.5pt; font-family: 'Arial',sans-serif;\">A l&rsquo;occasion de la visite dans les Bouches-du-Rh\u00f4ne de Mme Elimas, secr\u00e9taire d&rsquo;Etat charg\u00e9e de l&rsquo;Education Prioritaire, la FSU a \u00e9t\u00e9 re\u00e7ue le jeudi 11 mars 2021, par la conseill\u00e8re sociale de celle-ci (Mme Vilac\u00e9que) pour \u00e9voquer les probl\u00e9matiques li\u00e9es \u00e0 l&rsquo;\u00e9ducation prioritaire.<\/span><\/strong><\/p>\n<p style=\"text-align: justify; text-justify: inter-ideograph; background-image: initial; background-position: initial; background-size: initial; background-repeat: initial; background-origin: initial; background-clip: initial;\"><span style=\"font-size: 13.5pt; font-family: 'Arial',sans-serif;\">La FSU (SNES, SNEP, SNUEP et SNUipp) a plaid\u00e9 pour un \u00e9largissement et un renforcement de la politique d&rsquo;\u00e9ducation prioritaire au regard de l&rsquo;aggravation de la crise sociale dans le contexte. La situation justifie le retour ou l&rsquo;entr\u00e9e de plusieurs \u00e9coles, coll\u00e8ges, lyc\u00e9es, lyc\u00e9es professionnels, dans le p\u00e9rim\u00e8tre de l&rsquo;\u00e9ducation prioritaire.<span style=\"color: #000000;\"> Elle justifie aussi le recrutement de maitre.sse.s <a style=\"color: #000000;\" href=\"http:\/\/xn--spcialis-c1ag.es\">sp\u00e9cialis\u00e9.es<\/a> dans les \u00e9coles pour prendre en charge la difficult\u00e9 scolaire et l\u2019abaissement des effectifs par classe.<\/span><\/span><\/p>\n<p style=\"background-image: initial; background-position: initial; background-size: initial; background-repeat: initial; background-origin: initial; background-clip: initial;\"><span style=\"font-size: 13.5pt; font-family: 'Arial',sans-serif;\">La conseill\u00e8re a annonc\u00e9 qu&rsquo;il n&rsquo;\u00e9tait plus pr\u00e9vu de revoir la carte de l&rsquo;\u00e9ducation prioritaire avant 2023 et que la r\u00e9vision de celle-ci se ferait en coh\u00e9rence avec la r\u00e9vision de la carte des quartiers \u00ab\u00a0QVP\u00a0\u00bb, quartiers politiques de la ville. Les labels REP + et REP seraient donc maintenus jusqu&rsquo;\u00e0 cette date. En cons\u00e9quence, <span style=\"background-color: #ffff00;\">la conseill\u00e8re explique que les CLA, contrats locaux d&rsquo;accompagnement, n&rsquo;ont pas vocation \u00e0 se substituer aux REP, mais seraient con\u00e7us comme un dispositif suppl\u00e9mentaire<\/span> ayant vocation \u00e0 soutenir certains projets men\u00e9s dans des \u00e9coles ou \u00e9tablissements ayant des caract\u00e9ristiques proches de celles des \u00e9tablissements de l&rsquo;\u00e9ducation prioritaire. Les CLA ne doivent pas \u00eatre compris comme un label suppl\u00e9mentaire mais comme un dispositif \u00e9volutif (contrats de 3 ans) de financement de projets ponctuels.<\/span><\/p>\n<p style=\"text-align: justify; text-justify: inter-ideograph; background-image: initial; background-position: initial; background-size: initial; background-repeat: initial; background-origin: initial; background-clip: initial;\"><span style=\"font-size: 13.5pt; font-family: 'Arial',sans-serif;\">La FSU a soulign\u00e9 la n\u00e9cessit\u00e9 de p\u00e9renniser les moyens afin d&rsquo;inscrire les politiques \u00e9ducatives dans la dur\u00e9e, et a soulign\u00e9 le risque de voir les CLA se substituer au label acad\u00e9mique de l&rsquo;\u00e9ducation accompagn\u00e9, qui justement a vocation \u00e0 sanctuariser les moyens des anciens \u00e9tablissements ZEP, dont les lyc\u00e9es et lyc\u00e9es professionne<span style=\"color: #000000;\">ls et dont elle r\u00e9clame l\u2019int\u00e9gration \u00e0 la carte de l\u2019Education prioritaire nationale. Par ailleurs, elle r\u00e9it\u00e8re son attachement au principe de la labellisation des \u00e9coles sur crit\u00e8res sociaux transparents et son opposition au principe de la contractualisation dans l\u2019attribution des moyens. La conseill\u00e8re \u00e9voque pour l&rsquo;acad\u00e9mie un sch\u00e9ma de l&rsquo;\u00e9ducation prioritaire \u00e0 4 cercles : 3 labels (REP+, REP, Educ Acc), et un 4\u00b0 cercle : les CLA. <\/span><\/span><\/p>\n<p style=\"background-image: initial; background-position: initial; background-size: initial; background-repeat: initial; background-origin: initial; background-clip: initial;\"><span style=\"font-size: 13.5pt; font-family: 'Arial',sans-serif;\">En r\u00e9ponse au questionnement de la FSU sur les compensations conc\u00e9d\u00e9es aux coll\u00e8gues en contrepartie de la p\u00e9nibilit\u00e9 du travail en \u00e9ducation prioritaire : la ministre confirme la fin du dispositif transitoire ZEP pour les lyc\u00e9es qui sont sortis de l&rsquo;EP en 2015, l&rsquo;attribution d&rsquo;une IMP de \u00ab\u00a0maintien du pouvoir d&rsquo;achat\u00a0\u00bb n&rsquo;ayant pas vocation \u00e0 perdurer au-del\u00e0 de cette ann\u00e9e scolaire (nous pensons qu&rsquo;elle doit \u00eatre proroger tant que la carte n&rsquo;est pas revue), et \u00e9voque la possibilit\u00e9 de favoriser les promotions pour les coll\u00e8gues concern\u00e9s par des CLA.<\/span><\/p>\n<p style=\"background-image: initial; background-position: initial; background-size: initial; background-repeat: initial; background-origin: initial; background-clip: initial;\"><span style=\"font-size: 13.5pt; font-family: 'Arial',sans-serif;\"><span style=\"background-color: #ffff00;\">La FSU a d\u00e9nonc\u00e9 la concurrence d\u00e9loyale des \u00e9tablissements du priv\u00e9<\/span> et fait valoir ses analyses sur la d\u00e9gradation de la mixit\u00e9 sociale dans les \u00e9tablissement, soulign\u00e9 la d\u00e9t\u00e9rioration de la D\u00e9pense Int\u00e9rieure d&rsquo;Education au fil des ans, plaid\u00e9 pour le maintien des 18 journ\u00e9es de concertation<span style=\"color: red;\">\/formation<\/span> dans les \u00e9coles REP + et propos\u00e9 la prise en charge du forfait UNSS par les fonds sociaux, eu \u00e9gard \u00e0 l&rsquo;importance \u00e9ducative du sport scolaire dans les quartier d\u00e9favoris\u00e9s.<\/span><\/p>\n<p style=\"background-image: initial; background-position: initial; background-size: initial; background-repeat: initial; background-origin: initial; background-clip: initial;\"><span style=\"font-size: 13.5pt; font-family: 'Arial',sans-serif;\">Nous avons en outre d\u00e9nonc\u00e9 l&rsquo;opacit\u00e9 dans la gestion des cr\u00e9dits et des projets dans le cadre des Cit\u00e9s Educatives et alert\u00e9 sur la d\u00e9gradation du climat aux abords des \u00e9tablissements dans certains quartiers de Marseille et des villes du d\u00e9partement, dans un contexte o\u00f9 la pand\u00e9mie et la r\u00e9duction d&rsquo;activit\u00e9 des lieux de vie et de socialisation habituels ou officiels favorisait le d\u00e9veloppement de cadres de socialisation parall\u00e8le.<\/span><\/p>\n","protected":false},"excerpt":{"rendered":"<p>COMPTE RENDU de l&rsquo;entrevue du Jeudi 11 mars 2021 \u00e0 la DSDEN 13 R\u00e9sum\u00e9 interventions du SNEP: R\u00e9duction des effectifs<\/p>\n","protected":false},"author":2,"featured_media":0,"comment_status":"closed","ping_status":"open","sticky":false,"template":"","format":"standard","meta":{"footnotes":""},"categories":[1],"tags":[],"class_list":["post-5476","post","type-post","status-publish","format-standard","hentry","category-non-classe"],"_links":{"self":[{"href":"http:\/\/www.snepfsu-aix.net\/aix\/wp-json\/wp\/v2\/posts\/5476","targetHints":{"allow":["GET"]}}],"collection":[{"href":"http:\/\/www.snepfsu-aix.net\/aix\/wp-json\/wp\/v2\/posts"}],"about":[{"href":"http:\/\/www.snepfsu-aix.net\/aix\/wp-json\/wp\/v2\/types\/post"}],"author":[{"embeddable":true,"href":"http:\/\/www.snepfsu-aix.net\/aix\/wp-json\/wp\/v2\/users\/2"}],"replies":[{"embeddable":true,"href":"http:\/\/www.snepfsu-aix.net\/aix\/wp-json\/wp\/v2\/comments?post=5476"}],"version-history":[{"count":1,"href":"http:\/\/www.snepfsu-aix.net\/aix\/wp-json\/wp\/v2\/posts\/5476\/revisions"}],"predecessor-version":[{"id":5477,"href":"http:\/\/www.snepfsu-aix.net\/aix\/wp-json\/wp\/v2\/posts\/5476\/revisions\/5477"}],"wp:attachment":[{"href":"http:\/\/www.snepfsu-aix.net\/aix\/wp-json\/wp\/v2\/media?parent=5476"}],"wp:term":[{"taxonomy":"category","embeddable":true,"href":"http:\/\/www.snepfsu-aix.net\/aix\/wp-json\/wp\/v2\/categories?post=5476"},{"taxonomy":"post_tag","embeddable":true,"href":"http:\/\/www.snepfsu-aix.net\/aix\/wp-json\/wp\/v2\/tags?post=5476"}],"curies":[{"name":"wp","href":"https:\/\/api.w.org\/{rel}","templated":true}]}}