{"id":4768,"date":"2020-10-13T09:12:50","date_gmt":"2020-10-13T07:12:50","guid":{"rendered":"http:\/\/www.snepfsu-aix.net\/aix\/?p=4768"},"modified":"2020-10-13T09:16:58","modified_gmt":"2020-10-13T07:16:58","slug":"exigeons-1500-postes-au-capeps-2020-2021","status":"publish","type":"post","link":"http:\/\/www.snepfsu-aix.net\/aix\/exigeons-1500-postes-au-capeps-2020-2021\/","title":{"rendered":"Exigeons 1500 postes au CAPEPS 2020\/2021"},"content":{"rendered":"\t\t<div data-elementor-type=\"wp-post\" data-elementor-id=\"4768\" class=\"elementor elementor-4768\" data-elementor-settings=\"[]\">\n\t\t\t\t\t\t<div class=\"elementor-inner\">\n\t\t\t\t\t\t\t<div class=\"elementor-section-wrap\">\n\t\t\t\t\t\t\t<section class=\"elementor-section elementor-top-section elementor-element elementor-element-7e3d32b elementor-section-boxed elementor-section-height-default elementor-section-height-default\" data-id=\"7e3d32b\" data-element_type=\"section\">\n\t\t\t\t\t\t<div class=\"elementor-container elementor-column-gap-default\">\n\t\t\t\t\t\t\t<div class=\"elementor-row\">\n\t\t\t\t\t<div class=\"elementor-column elementor-col-100 elementor-top-column elementor-element elementor-element-527b3f6\" data-id=\"527b3f6\" data-element_type=\"column\">\n\t\t\t<div class=\"elementor-column-wrap elementor-element-populated\">\n\t\t\t\t\t\t\t<div class=\"elementor-widget-wrap\">\n\t\t\t\t\t\t<div class=\"elementor-element elementor-element-e9d4e6c elementor-widget elementor-widget-image\" data-id=\"e9d4e6c\" data-element_type=\"widget\" data-widget_type=\"image.default\">\n\t\t\t\t<div class=\"elementor-widget-container\">\n\t\t\t\t\t\t\t\t<div class=\"elementor-image\">\n\t\t\t\t\t\t\t\t\t\t\t\t\t<a href=\"http:\/\/www.snepfsu.net\/PLF2021\/\">\n\t\t\t\t\t\t\t<img loading=\"lazy\" decoding=\"async\" width=\"570\" height=\"270\" src=\"http:\/\/www.snepfsu-aix.net\/aix\/wp-content\/uploads\/2020\/10\/capeps202176774.jpg\" class=\"attachment-large size-large\" alt=\"\" srcset=\"http:\/\/www.snepfsu-aix.net\/aix\/wp-content\/uploads\/2020\/10\/capeps202176774.jpg 570w, http:\/\/www.snepfsu-aix.net\/aix\/wp-content\/uploads\/2020\/10\/capeps202176774-300x142.jpg 300w\" sizes=\"auto, (max-width: 570px) 100vw, 570px\" \/>\t\t\t\t\t\t\t\t<\/a>\n\t\t\t\t\t\t\t\t\t\t\t\t\t\t<\/div>\n\t\t\t\t\t\t<\/div>\n\t\t\t\t<\/div>\n\t\t\t\t<div class=\"elementor-element elementor-element-d588005 elementor-widget elementor-widget-heading\" data-id=\"d588005\" data-element_type=\"widget\" data-widget_type=\"heading.default\">\n\t\t\t\t<div class=\"elementor-widget-container\">\n\t\t\t<h2 class=\"elementor-heading-title elementor-size-default\">Projet de loi de finances 2021 :\nle gouvernement accentue la saign\u00e9e dans le second degr\u00e9 !<\/h2>\t\t<\/div>\n\t\t\t\t<\/div>\n\t\t\t\t\t\t<\/div>\n\t\t\t\t\t<\/div>\n\t\t<\/div>\n\t\t\t\t\t\t\t\t<\/div>\n\t\t\t\t\t<\/div>\n\t\t<\/section>\n\t\t\t\t<section class=\"elementor-section elementor-top-section elementor-element elementor-element-d6fcc4d elementor-section-boxed elementor-section-height-default elementor-section-height-default\" data-id=\"d6fcc4d\" data-element_type=\"section\">\n\t\t\t\t\t\t<div class=\"elementor-container elementor-column-gap-default\">\n\t\t\t\t\t\t\t<div class=\"elementor-row\">\n\t\t\t\t\t<div class=\"elementor-column elementor-col-100 elementor-top-column elementor-element elementor-element-2f553a15\" data-id=\"2f553a15\" data-element_type=\"column\">\n\t\t\t<div class=\"elementor-column-wrap elementor-element-populated\">\n\t\t\t\t\t\t\t<div class=\"elementor-widget-wrap\">\n\t\t\t\t\t\t<div class=\"elementor-element elementor-element-9197573 elementor-widget elementor-widget-text-editor\" data-id=\"9197573\" data-element_type=\"widget\" data-widget_type=\"text-editor.default\">\n\t\t\t\t<div class=\"elementor-widget-container\">\n\t\t\t\t\t\t\t\t<div class=\"elementor-text-editor elementor-clearfix\">\n\t\t\t\t<h5>Interpellez votre d\u00e9put\u00e9 en 3 clics et en 2 minutes pour exiger davantage de moyens humains pour l&rsquo;EPS.<\/h5>\t\t\t\t\t<\/div>\n\t\t\t\t\t\t<\/div>\n\t\t\t\t<\/div>\n\t\t\t\t<div class=\"elementor-element elementor-element-b75a67a elementor-widget elementor-widget-text-editor\" data-id=\"b75a67a\" data-element_type=\"widget\" data-widget_type=\"text-editor.default\">\n\t\t\t\t<div class=\"elementor-widget-container\">\n\t\t\t\t\t\t\t\t<div class=\"elementor-text-editor elementor-clearfix\">\n\t\t\t\t<div>Le projet de loi de finances pour 2021 vient de sortir. Il nous permet de nous projeter sur la rentr\u00e9e 2021, notamment au regard du bilan de rentr\u00e9e qui s\u2019av\u00e8re catastrophique.<\/div>\n<div>\u00a0<\/div>\n<div>A la rentr\u00e9e 2020, nous faisons le constat :<br \/>&#8211;\u00a0<strong>d\u2019effectifs par classes qui explosent<\/strong>\u00a0(il n\u2019est plus rare de trouver des groupes \u00e0 plus de 27 en \u00e9ducation prioritaire, \u00e0 plus de 32 en coll\u00e8ge, \u00e0 plus de 37 en Lyc\u00e9e et LP).<br \/>&#8211; du manque de recrutements :\u00a0<strong>dans 10% des \u00e9tablissements, il manquait un enseignant d\u2019EPS<\/strong>\u00a0pour assurer des horaires obligatoires (<a href=\"http:\/\/r.newsletter.snepfsu-communication.net\/mk\/cl\/f\/hnSpn5NoflNgaQzjiNesiS8X9j7ROEyNUAGOt7db6_7dI34fbO3llXg6-9Hs-85ucjt9zEILEvh911NfakBrRFGUBu9yGeaUiBFHTM7ZCr9l7VQ7qbNdod4ubsEqedcC7Ig-bzyzxC_1skyPulxhbWeLQMEanWzg_oAFSoJOKGrjJPMzYYMO_-cYbFju8YLy4ZzIXk2luR2UQw\">exemples ici<\/a>)<br \/>Les conditions d\u2019apprentissages des \u00e9l\u00e8ves se d\u00e9gradent ainsi que les conditions de travail des enseignant.es d\u2019EPS. Apr\u00e8s un peu plus d\u2019un mois, la fatigue se fait plus que sentir dans les \u00e9tablissements et les salles des profs !<\/div>\n<div>\u00a0<\/div>\n<div>A la rentr\u00e9e 2021, 28 000 \u00e9l\u00e8ves de plus sont attendus dans le second degr\u00e9, le projet de budget pr\u00e9voit\u00a0<strong>1800 suppressions d\u2019emplois<\/strong>\u00a0! Moins d\u2019enseignant.es dans les \u00e9tablissements, plus d\u2019\u00e9l\u00e8ves par classe, une rentr\u00e9e \u00ab normale \u00bb pour le Ministre. Pour \u00ab compenser \u00bb les suppressions de postes, on va demander une nouvelle fois aux personnels de travailler plus en imposant des heures suppl\u00e9mentaires. (communiqu\u00e9\u00a0<a href=\"http:\/\/r.newsletter.snepfsu-communication.net\/mk\/cl\/f\/q5SRkwP4MZYaKNMYoYyan5m10slg_wxAxh6Y7DioS-CoLh_1DXgQ2ci1n11qicLqxVJJbIqv2ejWI3pwOt17yqEiepkj2D4bLUpJ7mHRaf63e9Ffyl-V_j6h_65jNpHK-QMkgqBt9NBB0c-YuYpjZ65z91pI67JLpupUg88BeT0kKdbPQCA\" target=\"_blank\" rel=\"noopener\">Projet de budget 2021 &#8211; Priorit\u00e9 au sport et \u00e0 l&rsquo;EPS ?<\/a>)<\/div>\n<div><br \/>A cette rentr\u00e9e, les personnels tiennent d\u00e9j\u00e0 le syst\u00e8me \u00e9ducatif \u00e0 bout de bras par manque de moyens humains et mat\u00e9riel. Le projet de budget 2021 pr\u00e9voit d\u2019aggraver une situation qui p\u00e8se sur la qualit\u00e9 du service public mais aussi sur la sant\u00e9 des personnels d\u00e9j\u00e0 sous tension.\u00a0<strong>Recruter est une urgence pour tout le syst\u00e8me \u00e9ducatif\u00a0<\/strong>et cela doit passer par une<strong>\u00a0revalorisation des m\u00e9tiers<\/strong>, notamment car la crise du recrutement se poursuit dans plusieurs disciplines.<\/div>\n<div><br \/>La discussion sur le projet de loi de finance d\u00e9bute le 12 octobre \u00e0 l\u2019Assembl\u00e9e Nationale. Il est donc urgent d\u2019agir massivement, avec les parents d\u2019\u00e9l\u00e8ves, les \u00e9tudiants STAPS et les \u00e9lu.es pour exiger des moyens suppl\u00e9mentaires pour l\u2019\u00e9cole.<br \/>Nous vous appelons \u00e0 interpeller les parlementaires (d\u00e9put\u00e9s et s\u00e9nateurs) en demandant des audiences et en leur envoyant massivement des mails en sp\u00e9cifiant dans le texte la situation v\u00e9cue dans votre \u00e9tablissement ou universit\u00e9 (texte modifiable, cliquez sur le bouton ci-dessous). Le SNEP-FSU s\u2019adressera aux groupes parlementaires sur cette question budg\u00e9taire.<\/div>\n<div><br \/>Soyons offensifs, exprimons nos besoins pour imposer des choix tourn\u00e9s vers l\u2019avenir et l\u2019\u00e9ducation !<\/div>\t\t\t\t\t<\/div>\n\t\t\t\t\t\t<\/div>\n\t\t\t\t<\/div>\n\t\t\t\t<div class=\"elementor-element elementor-element-04b6124 elementor-align-center elementor-widget elementor-widget-button\" data-id=\"04b6124\" data-element_type=\"widget\" data-widget_type=\"button.default\">\n\t\t\t\t<div class=\"elementor-widget-container\">\n\t\t\t\t\t<div class=\"elementor-button-wrapper\">\n\t\t\t<a href=\"http:\/\/www.snepfsu.net\/PLF2021\/\" class=\"elementor-button-link elementor-button elementor-size-md\" role=\"button\">\n\t\t\t\t\t\t<span class=\"elementor-button-content-wrapper\">\n\t\t\t\t\t\t<span class=\"elementor-button-text\">Cliquez ici<\/span>\n\t\t<\/span>\n\t\t\t\t\t<\/a>\n\t\t<\/div>\n\t\t\t\t<\/div>\n\t\t\t\t<\/div>\n\t\t\t\t<div class=\"elementor-element elementor-element-eb3ce79 elementor-widget elementor-widget-text-editor\" data-id=\"eb3ce79\" data-element_type=\"widget\" data-widget_type=\"text-editor.default\">\n\t\t\t\t<div class=\"elementor-widget-container\">\n\t\t\t\t\t\t\t\t<div class=\"elementor-text-editor elementor-clearfix\">\n\t\t\t\t<!-- wp:tadv\/classic-paragraph \/-->\t\t\t\t\t<\/div>\n\t\t\t\t\t\t<\/div>\n\t\t\t\t<\/div>\n\t\t\t\t\t\t<\/div>\n\t\t\t\t\t<\/div>\n\t\t<\/div>\n\t\t\t\t\t\t\t\t<\/div>\n\t\t\t\t\t<\/div>\n\t\t<\/section>\n\t\t\t\t<section class=\"elementor-section elementor-top-section elementor-element elementor-element-5676abb elementor-section-boxed elementor-section-height-default elementor-section-height-default\" data-id=\"5676abb\" data-element_type=\"section\">\n\t\t\t\t\t\t<div class=\"elementor-container elementor-column-gap-default\">\n\t\t\t\t\t\t\t<div class=\"elementor-row\">\n\t\t\t\t\t<div class=\"elementor-column elementor-col-50 elementor-top-column elementor-element elementor-element-bc1cf17\" data-id=\"bc1cf17\" data-element_type=\"column\">\n\t\t\t<div class=\"elementor-column-wrap elementor-element-populated\">\n\t\t\t\t\t\t\t<div class=\"elementor-widget-wrap\">\n\t\t\t\t\t\t<div class=\"elementor-element elementor-element-40a9e81 elementor-widget elementor-widget-heading\" data-id=\"40a9e81\" data-element_type=\"widget\" data-widget_type=\"heading.default\">\n\t\t\t\t<div class=\"elementor-widget-container\">\n\t\t\t<h2 class=\"elementor-heading-title elementor-size-default\">Circonscriptions 13<\/h2>\t\t<\/div>\n\t\t\t\t<\/div>\n\t\t\t\t<div class=\"elementor-element elementor-element-78e5953 elementor-widget elementor-widget-image\" data-id=\"78e5953\" data-element_type=\"widget\" data-widget_type=\"image.default\">\n\t\t\t\t<div class=\"elementor-widget-container\">\n\t\t\t\t\t\t\t\t<div class=\"elementor-image\">\n\t\t\t\t\t\t\t\t\t\t\t\t\t<a href=\"http:\/\/www.snepfsu-aix.net\/aix\/wp-content\/uploads\/2020\/10\/circonscriptions-des-Bouches-du-Rhone.jpg\">\n\t\t\t\t\t\t\t<img loading=\"lazy\" decoding=\"async\" width=\"800\" height=\"545\" src=\"http:\/\/www.snepfsu-aix.net\/aix\/wp-content\/uploads\/2020\/10\/circonscriptions-des-Bouches-du-Rhone.jpg\" class=\"attachment-large size-large\" alt=\"\" srcset=\"http:\/\/www.snepfsu-aix.net\/aix\/wp-content\/uploads\/2020\/10\/circonscriptions-des-Bouches-du-Rhone.jpg 825w, http:\/\/www.snepfsu-aix.net\/aix\/wp-content\/uploads\/2020\/10\/circonscriptions-des-Bouches-du-Rhone-300x204.jpg 300w, http:\/\/www.snepfsu-aix.net\/aix\/wp-content\/uploads\/2020\/10\/circonscriptions-des-Bouches-du-Rhone-768x523.jpg 768w, http:\/\/www.snepfsu-aix.net\/aix\/wp-content\/uploads\/2020\/10\/circonscriptions-des-Bouches-du-Rhone-130x90.jpg 130w\" sizes=\"auto, (max-width: 800px) 100vw, 800px\" \/>\t\t\t\t\t\t\t\t<\/a>\n\t\t\t\t\t\t\t\t\t\t\t\t\t\t<\/div>\n\t\t\t\t\t\t<\/div>\n\t\t\t\t<\/div>\n\t\t\t\t\t\t<\/div>\n\t\t\t\t\t<\/div>\n\t\t<\/div>\n\t\t\t\t<div class=\"elementor-column elementor-col-50 elementor-top-column elementor-element elementor-element-98a1e6e\" data-id=\"98a1e6e\" data-element_type=\"column\">\n\t\t\t<div class=\"elementor-column-wrap elementor-element-populated\">\n\t\t\t\t\t\t\t<div class=\"elementor-widget-wrap\">\n\t\t\t\t\t\t<div class=\"elementor-element elementor-element-482a4ee elementor-widget elementor-widget-heading\" data-id=\"482a4ee\" data-element_type=\"widget\" data-widget_type=\"heading.default\">\n\t\t\t\t<div class=\"elementor-widget-container\">\n\t\t\t<h2 class=\"elementor-heading-title elementor-size-default\">Circonscriptions Marseille<\/h2>\t\t<\/div>\n\t\t\t\t<\/div>\n\t\t\t\t<div class=\"elementor-element elementor-element-1df0e01 elementor-widget elementor-widget-image\" data-id=\"1df0e01\" data-element_type=\"widget\" data-widget_type=\"image.default\">\n\t\t\t\t<div class=\"elementor-widget-container\">\n\t\t\t\t\t\t\t\t<div class=\"elementor-image\">\n\t\t\t\t\t\t\t\t\t\t\t\t\t<a href=\"http:\/\/www.snepfsu-aix.net\/aix\/wp-content\/uploads\/2020\/10\/Marseille-circonscriptions.gif\">\n\t\t\t\t\t\t\t<img loading=\"lazy\" decoding=\"async\" width=\"652\" height=\"690\" src=\"http:\/\/www.snepfsu-aix.net\/aix\/wp-content\/uploads\/2020\/10\/Marseille-circonscriptions.gif\" class=\"attachment-large size-large\" alt=\"\" \/>\t\t\t\t\t\t\t\t<\/a>\n\t\t\t\t\t\t\t\t\t\t\t\t\t\t<\/div>\n\t\t\t\t\t\t<\/div>\n\t\t\t\t<\/div>\n\t\t\t\t\t\t<\/div>\n\t\t\t\t\t<\/div>\n\t\t<\/div>\n\t\t\t\t\t\t\t\t<\/div>\n\t\t\t\t\t<\/div>\n\t\t<\/section>\n\t\t\t\t\t\t<\/div>\n\t\t\t\t\t\t<\/div>\n\t\t\t\t\t<\/div>\n\t\t","protected":false},"excerpt":{"rendered":"<p>Projet de loi de finances 2021 : le gouvernement accentue la saign\u00e9e dans le second degr\u00e9 ! Interpellez votre d\u00e9put\u00e9<\/p>\n","protected":false},"author":2,"featured_media":0,"comment_status":"closed","ping_status":"open","sticky":false,"template":"","format":"standard","meta":{"footnotes":""},"categories":[1],"tags":[],"class_list":["post-4768","post","type-post","status-publish","format-standard","hentry","category-non-classe"],"_links":{"self":[{"href":"http:\/\/www.snepfsu-aix.net\/aix\/wp-json\/wp\/v2\/posts\/4768","targetHints":{"allow":["GET"]}}],"collection":[{"href":"http:\/\/www.snepfsu-aix.net\/aix\/wp-json\/wp\/v2\/posts"}],"about":[{"href":"http:\/\/www.snepfsu-aix.net\/aix\/wp-json\/wp\/v2\/types\/post"}],"author":[{"embeddable":true,"href":"http:\/\/www.snepfsu-aix.net\/aix\/wp-json\/wp\/v2\/users\/2"}],"replies":[{"embeddable":true,"href":"http:\/\/www.snepfsu-aix.net\/aix\/wp-json\/wp\/v2\/comments?post=4768"}],"version-history":[{"count":4,"href":"http:\/\/www.snepfsu-aix.net\/aix\/wp-json\/wp\/v2\/posts\/4768\/revisions"}],"predecessor-version":[{"id":4774,"href":"http:\/\/www.snepfsu-aix.net\/aix\/wp-json\/wp\/v2\/posts\/4768\/revisions\/4774"}],"wp:attachment":[{"href":"http:\/\/www.snepfsu-aix.net\/aix\/wp-json\/wp\/v2\/media?parent=4768"}],"wp:term":[{"taxonomy":"category","embeddable":true,"href":"http:\/\/www.snepfsu-aix.net\/aix\/wp-json\/wp\/v2\/categories?post=4768"},{"taxonomy":"post_tag","embeddable":true,"href":"http:\/\/www.snepfsu-aix.net\/aix\/wp-json\/wp\/v2\/tags?post=4768"}],"curies":[{"name":"wp","href":"https:\/\/api.w.org\/{rel}","templated":true}]}}