{"id":3897,"date":"2019-11-26T17:03:04","date_gmt":"2019-11-26T16:03:04","guid":{"rendered":"http:\/\/www.snepfsu-aix.net\/aix\/?p=3897"},"modified":"2019-11-26T17:03:06","modified_gmt":"2019-11-26T16:03:06","slug":"les-salarie-es-et-les-retraites-es-en-colere-sorganisent","status":"publish","type":"post","link":"http:\/\/www.snepfsu-aix.net\/aix\/les-salarie-es-et-les-retraites-es-en-colere-sorganisent\/","title":{"rendered":"Les salari\u00e9-es et les retrait\u00e9s-es en col\u00e8re s\u2019organisent"},"content":{"rendered":"\n<p><strong>Le mouvement du\n5 D\u00e9cembre&nbsp; gronde et s\u2019amplifie de jour\nen jour&nbsp;!<\/strong><\/p>\n\n\n\n<p>C\u2019est\npar centaines de milliers que les salari\u00e9s-es et retrait\u00e9s-es seront cette fois\nencore dans les rues.<\/p>\n\n\n\n<p>Ce\nmouvement intersyndical&nbsp; dont le SNEP\nFSU, agr\u00e8ge de plus en plus de plus de coll\u00e8gues. Les enjeux sont trop\nimportants, il nous faut continuer \u00e0&nbsp;\nconvaincre jusqu\u2019au 5 D\u00e9cembre les coll\u00e8gues r\u00e9calcitrants \u00e0 nous\nrejoindre dans la gr\u00e8ve pour les salari\u00e9s&nbsp;\net dans les manifestations aux c\u00f4t\u00e9s des retrait\u00e9s. <\/p>\n\n\n\n<p>Nous\nsommes tous concern\u00e9s. La fausse et dangereuse r\u00e9forme des retraites vise \u00e0\ntorpiller un \u00ab&nbsp;pilier d\u00e9cisif du mod\u00e8le social&nbsp;\u00bbil nous faut tous\nensemble le prot\u00e9ger et \u00e9viter la torpille programm\u00e9e tr\u00e8s prochainement de toute\nde notre protection sociale.<\/p>\n\n\n\n<p>Le\ngouvernement, lui, ne perd pas de temps&nbsp;! Il fait feu de tout bois et\nutilise tous les moyens dont il dispose pour \u00e9viter la convergence des col\u00e8res.\n(Il d\u00e9nonce les amalgames des revendications, joue sur les peurs, condamne\ncertaines d\u00e9clarations politiques, accentue la dimension s\u00e9curitaire)<\/p>\n\n\n\n<p>Ne\ntombons pas dans ce pi\u00e8ge&nbsp;!<\/p>\n\n\n\n<p class=\"has-background has-luminous-vivid-orange-background-color\">Nous ne nous y trompons pas, il faut se\u00a0 retrouver toutes et tous d\u00e8s le 5 d\u00e9cembre et d\u00e9j\u00e0 anticiper la suite de notre mobilisation.<br> <strong>Michel Cremonesi <\/strong>(responsable acad\u00e9mique secteur Retraites)<\/p>\n","protected":false},"excerpt":{"rendered":"<p>Le mouvement du 5 D\u00e9cembre&nbsp; gronde et s\u2019amplifie de jour en jour&nbsp;! C\u2019est par centaines de milliers que les salari\u00e9s-es<\/p>\n","protected":false},"author":2,"featured_media":0,"comment_status":"closed","ping_status":"open","sticky":false,"template":"","format":"standard","meta":{"footnotes":""},"categories":[20],"tags":[],"class_list":["post-3897","post","type-post","status-publish","format-standard","hentry","category-aix-marseille"],"_links":{"self":[{"href":"http:\/\/www.snepfsu-aix.net\/aix\/wp-json\/wp\/v2\/posts\/3897","targetHints":{"allow":["GET"]}}],"collection":[{"href":"http:\/\/www.snepfsu-aix.net\/aix\/wp-json\/wp\/v2\/posts"}],"about":[{"href":"http:\/\/www.snepfsu-aix.net\/aix\/wp-json\/wp\/v2\/types\/post"}],"author":[{"embeddable":true,"href":"http:\/\/www.snepfsu-aix.net\/aix\/wp-json\/wp\/v2\/users\/2"}],"replies":[{"embeddable":true,"href":"http:\/\/www.snepfsu-aix.net\/aix\/wp-json\/wp\/v2\/comments?post=3897"}],"version-history":[{"count":1,"href":"http:\/\/www.snepfsu-aix.net\/aix\/wp-json\/wp\/v2\/posts\/3897\/revisions"}],"predecessor-version":[{"id":3898,"href":"http:\/\/www.snepfsu-aix.net\/aix\/wp-json\/wp\/v2\/posts\/3897\/revisions\/3898"}],"wp:attachment":[{"href":"http:\/\/www.snepfsu-aix.net\/aix\/wp-json\/wp\/v2\/media?parent=3897"}],"wp:term":[{"taxonomy":"category","embeddable":true,"href":"http:\/\/www.snepfsu-aix.net\/aix\/wp-json\/wp\/v2\/categories?post=3897"},{"taxonomy":"post_tag","embeddable":true,"href":"http:\/\/www.snepfsu-aix.net\/aix\/wp-json\/wp\/v2\/tags?post=3897"}],"curies":[{"name":"wp","href":"https:\/\/api.w.org\/{rel}","templated":true}]}}