{"id":3884,"date":"2019-11-26T15:37:23","date_gmt":"2019-11-26T14:37:23","guid":{"rendered":"http:\/\/www.snepfsu-aix.net\/aix\/?p=3884"},"modified":"2019-11-26T16:53:52","modified_gmt":"2019-11-26T15:53:52","slug":"reforme-des-retraites-tous-en-greve","status":"publish","type":"post","link":"http:\/\/www.snepfsu-aix.net\/aix\/reforme-des-retraites-tous-en-greve\/","title":{"rendered":"R\u00e9forme des retraites: tous en gr\u00e8ve!"},"content":{"rendered":"\n<p><strong>Il ne s\u2019agit\npas d\u2019une r\u00e9formette. Il s\u2019agit d\u2019une contre-r\u00e9forme structurante aux cons\u00e9quences\nlourdes. Qui rompt avec l\u2019histoire sociale de notre pays. De nos grands acquis.\nEt nos principes. <\/strong><\/p>\n\n\n\n<p><strong>C\u2019est la raison\npour laquelle nous d\u00e9veloppons chaque semaine dans cette Lettre d\u2019Info,\ndiff\u00e9rents points-cl\u00e9s.<\/strong><\/p>\n\n\n\n<ul class=\"wp-block-list\"><li><strong>Au nom des\n3% des retrait\u00e9s que repr\u00e9sentent les r\u00e9gimes sp\u00e9ciaux, la baisse touchera l&rsquo;ensemble\ndes r\u00e9gimes.<\/strong><\/li><\/ul>\n\n\n\n<p>Le\ngouvernement voudrait faire croire aux d\u00e9fenseurs des r\u00e9gimes sp\u00e9ciaux qu\u2019il\ns\u2019agit d\u2019une revendication conservatrice de \u00ab&nbsp;privil\u00e9gi\u00e9s&nbsp;\u00bb. Or, <em>tout le monde est concern\u00e9 par\nle r\u00e9gime par points. Il serait d\u00e9vastateur pour les fonctionnaires dont nous\nsommes (estimation \u2013 25%), mais aussi pour tous les salari\u00e9s <\/em>parce\nqu\u2019il individualise le syst\u00e8me de retraites (contraire au principe de\nsolidarit\u00e9 nationale), parce que nul ne sait comment et qui d\u00e9cidera de la\nvaleur du point et de son \u00e9volution, et enfin parce que personne ne sera en\ncapacit\u00e9 d\u2019anticiper le montant de sa pension de retraite. Cela <em>veut dire qu&rsquo;au bout du bout,\nnous aurons <strong>tous<\/strong> des retraites plus\nbasses. <\/em><em><\/em><\/p>\n\n\n\n<ul class=\"wp-block-list\"><li><em><strong>D\u00e9cote \/ malus&nbsp;?<\/strong><\/em><em><strong><\/strong><\/em><\/li><\/ul>\n\n\n\n<p><em>Le\n\u00ab&nbsp;travailler plus longtemps&nbsp;\u00bb est un des objectifs de la r\u00e9forme et\naurait des cons\u00e9quences importantes pour <strong>tout\nle monde. <\/strong><\/em><em><strong><\/strong><\/em><\/p>\n\n\n\n<p>Sans\ntoucher \u00e0 l\u2019ouverture des droits \u00e0 62 ans, les futurs retrait\u00e9s seraient\nincit\u00e9s \u00e0 prolonger leur carri\u00e8re (sans que soit, d\u2019ailleurs, r\u00e9solue la\nquestion de l\u2019emploi des s\u00e9niors).<\/p>\n\n\n\n<p>Diverses\npistes sont \u00e0 l\u2019\u00e9tude pour nous faire travailler plus longtemps.<\/p>\n\n\n\n<p>Ex&nbsp;:\nLe fameux \u00e2ge pivot&nbsp;: partir avant 64&nbsp;ans (<em>en&nbsp;2025<\/em> <em>+ \u00e9volution\nensuite en fonction de l\u2019esp\u00e9rance de vie)<\/em> d\u00e9clencherait le calcul &nbsp;d\u2019un malus.<\/p>\n\n\n\n<p>D\u00e9j\u00e0,\ndans le syst\u00e8me actuel, une d\u00e9cote est calcul\u00e9e sur la dur\u00e9e de cotisations = \u00e0\n-1.25 % par trimestre\nmanquant, pas sur l\u2019\u00e2ge, elle a \u00e9t\u00e9 instaur\u00e9e en 1993 (r\u00e9forme Balladur). &nbsp;<\/p>\n\n\n\n<ul class=\"wp-block-list\"><li><strong>Le d\u00e9ficit&nbsp;? construit de toutes pi\u00e8ces \u2026 pour la com\u2019&nbsp;!<\/strong><strong><\/strong><\/li><\/ul>\n\n\n\n<p>Comme nous l\u2019avons\nbri\u00e8vement \u00e9voqu\u00e9 la semaine pass\u00e9e le rapport du COR est un pr\u00e9texte pour des\nmesures r\u00e9gressives <strong>avant m\u00eame<\/strong> la retraite par points<\/p>\n\n\n\n<p>Le Conseil d\u2019orientation des retraites (COR) avait\npr\u00e9vu de remettre au 1er ministre cette semaine, le\nrapport qu\u2019il avait command\u00e9 sur le d\u00e9ficit des r\u00e9gimes de retraites en\n2025-2030. <\/p>\n\n\n\n<p>Les fuites apparaissent comme une stricte op\u00e9ration\nde communication. <\/p>\n\n\n\n<p>Un d\u00e9ficit est organis\u00e9 pour\njustifier une d\u00e9gradation des retraites pour toutes et tous, il est construit de toutes pi\u00e8ces. Il est mis en sc\u00e8ne\npour pr\u00e9senter des sc\u00e9narios destin\u00e9s \u00e0 augmenter l\u2019\u00e2ge de d\u00e9part en retraite\net\/ou de baisser le niveau des pensions. Alors que le gouvernement pr\u00e9tendait\n\u00e9pargner les g\u00e9n\u00e9rations ant\u00e9rieures \u00e0 1963, il appara\u00eet d\u00e9sormais qu\u2019elles\nseront touch\u00e9es, au m\u00eame titre que les autres.<\/p>\n\n\n\n<p>Pourtant le COR note que les r\u00e9serves du syst\u00e8me de\nretraite sont \u00e9valu\u00e9es \u00e0 5,6 % PIB, largement suffisantes donc pour passer le\ncap de 2025. Le COR reconna\u00eet que l\u2019\u00e9quilibre financier pourrait facilement\n\u00eatre atteint. La situation, on le voit, n\u2019a rien de dramatique. <\/p>\n\n\n\n<p>Voil\u00e0 qui rappelle le proverbe&nbsp;: <em>\u00ab&nbsp;quand on veut tuer son chien, \u2026<\/em><\/p>\n\n\n\n<p><em>Pour compl\u00e9ter, nous vous proposons la lecture compl\u00e8te de ce<a href=\"http:\/\/www.snepfsu-aix.net\/aix\/wp-content\/uploads\/2019\/11\/CP-Re%C4%97seau-retraites-1.pdf\"> communiqu\u00e9 de presse du R\u00e9seau Retraites (Attac, CGT, Economistes Atterr\u00e9s, Fondation Copernic, FSU, Collectif citoyen, Solidaires, UNEF)<\/a><\/em><a href=\"http:\/\/www.snepfsu-aix.net\/aix\/wp-content\/uploads\/2019\/11\/CP-Re%C4%97seau-retraites-1.pdf\"> ICI<\/a><\/p>\n\n\n\n<ul class=\"wp-block-list\"><li><strong>Testez le simulateur<\/strong><strong> www.etmaretraite.fr\n<\/strong>(\u00e9labor\u00e9\npar nos camarades du SNES-FSU)<strong>. <\/strong><\/li><\/ul>\n\n\n\n<p>Il\npermet de comparer votre retraite avant et apr\u00e8s la reforme si elle est vot\u00e9e,\net d\u2019\u00e9valuer la hauteur de la perte.<\/p>\n\n\n\n<p><a href=\"https:\/\/www.etmaretraite.fr\/\" target=\"_blank\" rel=\"noreferrer noopener\">CLIQUEZ\nICI<\/a> et calculez le montant (en \u20ac brut) de votre retraite, visualisez\nl\u2019impact de cette r\u00e9forme. \u00c2mes sensibles s\u2019abstenir&nbsp;!!!<\/p>\n\n\n\n<p><strong>Public-Priv\u00e9, quel que soit notre r\u00e9gime ou notre\n\u00e2ge, nous serons bien toutes et tous concern\u00e9\u00b7e\u00b7s par cette r\u00e9forme des\nretraites.<\/strong><strong> <\/strong><\/p>\n\n\n\n<p><strong>ALORS PAS D\u2019HESITATION&nbsp;!<\/strong><\/p>\n\n\n\n<p><strong>&nbsp;&nbsp;&nbsp;&nbsp;&nbsp;&nbsp;&nbsp;&nbsp;&nbsp;&nbsp;&nbsp;&nbsp;&nbsp;&nbsp;&nbsp; JE\nSUIS EN GREVE LE 5, car les % de gr\u00e9vistes seront observ\u00e9s \u00e0 la loupe par le\ngouvernement&nbsp;! <\/strong><\/p>\n\n\n\n<p><strong>&nbsp;&nbsp;&nbsp;&nbsp;&nbsp;&nbsp;&nbsp;&nbsp;&nbsp;&nbsp;&nbsp;&nbsp;&nbsp;&nbsp;&nbsp;&nbsp;&nbsp;&nbsp;&nbsp;&nbsp;&nbsp;&nbsp;&nbsp;&nbsp;&nbsp;&nbsp;&nbsp;&nbsp;&nbsp;&nbsp;&nbsp;&nbsp;&nbsp;&nbsp;&nbsp;&nbsp;&nbsp;&nbsp;&nbsp;&nbsp;&nbsp;&nbsp;&nbsp;&nbsp;&nbsp;&nbsp; Et,\nsi je peux, je me d\u00e9place pour grossir les rangs de la manif.<\/strong><\/p>\n\n\n\n<p>Anticipez et covoiturez, car les contraintes li\u00e9es aux transports et \u00e0\nla circulation risquent d\u2019\u00eatre importantes.<\/p>\n\n\n\n<p>Sur place,\nle SNEP-FSU pr\u00e9voit une visibilit\u00e9 dans les manifs&nbsp;: tee-shirts SNEP (disponibles sur place), ou \u00e0\nd\u00e9faut tenue rouge, maillots ou dossards de sport-co, sifflets, accessoires\ndivers mat\u00e9rialisant notre discipline, banderole et drapeaux<\/p>\n\n\n\n<p><strong>Marseille&nbsp;: 10h30 Canebi\u00e8re<\/strong><\/p>\n\n\n\n<p><strong>Arles&nbsp;: 10h30 au Kiosque \u00e0 musique<\/strong><\/p>\n\n\n\n<p><strong>Gap&nbsp;: 14 h au rond point de l\u2019Europe, suivie d\u2019une AG<\/strong><\/p>\n\n\n\n<p><strong>Avignon&nbsp;: 10h 30 aux All\u00e9es de l\u2019Oulle avec rassemblement EPS \u00e0 10h&nbsp; Pont B\u00e9n\u00e9zet<\/strong><\/p>\n","protected":false},"excerpt":{"rendered":"<p>Il ne s\u2019agit pas d\u2019une r\u00e9formette. Il s\u2019agit d\u2019une contre-r\u00e9forme structurante aux cons\u00e9quences lourdes. Qui rompt avec l\u2019histoire sociale de<\/p>\n","protected":false},"author":2,"featured_media":0,"comment_status":"closed","ping_status":"open","sticky":false,"template":"","format":"standard","meta":{"footnotes":""},"categories":[20],"tags":[],"class_list":["post-3884","post","type-post","status-publish","format-standard","hentry","category-aix-marseille"],"_links":{"self":[{"href":"http:\/\/www.snepfsu-aix.net\/aix\/wp-json\/wp\/v2\/posts\/3884","targetHints":{"allow":["GET"]}}],"collection":[{"href":"http:\/\/www.snepfsu-aix.net\/aix\/wp-json\/wp\/v2\/posts"}],"about":[{"href":"http:\/\/www.snepfsu-aix.net\/aix\/wp-json\/wp\/v2\/types\/post"}],"author":[{"embeddable":true,"href":"http:\/\/www.snepfsu-aix.net\/aix\/wp-json\/wp\/v2\/users\/2"}],"replies":[{"embeddable":true,"href":"http:\/\/www.snepfsu-aix.net\/aix\/wp-json\/wp\/v2\/comments?post=3884"}],"version-history":[{"count":4,"href":"http:\/\/www.snepfsu-aix.net\/aix\/wp-json\/wp\/v2\/posts\/3884\/revisions"}],"predecessor-version":[{"id":3893,"href":"http:\/\/www.snepfsu-aix.net\/aix\/wp-json\/wp\/v2\/posts\/3884\/revisions\/3893"}],"wp:attachment":[{"href":"http:\/\/www.snepfsu-aix.net\/aix\/wp-json\/wp\/v2\/media?parent=3884"}],"wp:term":[{"taxonomy":"category","embeddable":true,"href":"http:\/\/www.snepfsu-aix.net\/aix\/wp-json\/wp\/v2\/categories?post=3884"},{"taxonomy":"post_tag","embeddable":true,"href":"http:\/\/www.snepfsu-aix.net\/aix\/wp-json\/wp\/v2\/tags?post=3884"}],"curies":[{"name":"wp","href":"https:\/\/api.w.org\/{rel}","templated":true}]}}