{"id":10968,"date":"2026-03-18T10:39:39","date_gmt":"2026-03-18T09:39:39","guid":{"rendered":"https:\/\/www.snepfsu-aix.net\/aix\/?p=10968"},"modified":"2026-03-18T10:39:40","modified_gmt":"2026-03-18T09:39:40","slug":"petition-pour-la-creation-dune-mutuelle-complementaire-geree-par-la-secu","status":"publish","type":"post","link":"http:\/\/www.snepfsu-aix.net\/aix\/petition-pour-la-creation-dune-mutuelle-complementaire-geree-par-la-secu\/","title":{"rendered":"P\u00e9tition pour la cr\u00e9ation d\u2019une Mutuelle compl\u00e9mentaire g\u00e9r\u00e9e par la S\u00e9cu"},"content":{"rendered":"\n<p><img decoding=\"async\" src=\"http:\/\/www.snepfsu-aix.net\/aix\/wp-content\/uploads\/2026\/03\/les-Assurances-complementaires-sont-moins-efficaces-alors-quelles-ne-remboursent-que-125-des-soins-leurs-frais-de-gestion-atteignent-en-2024-la-somme-exorbitante-de-8.7-milliards.png\" alt=\"\" \/><\/p>\n<p style=\"font-weight: 400;\">La FSU vous propose de signer la p\u00e9tition\u00a0<strong>\u00ab\u00a0Pour la cr\u00e9ation d\u2019une Mutuelle compl\u00e9mentaire g\u00e9r\u00e9e par la S\u00e9curit\u00e9 Sociale\u00a0\u00bb<\/strong>\u00a0en ligne\u00a0sur le site de l&rsquo;Assembl\u00e9e nationale (<a href=\"https:\/\/petitions.assemblee-nationale.fr\/initiatives\/i-5254#\" data-saferedirecturl=\"https:\/\/www.google.com\/url?q=https:\/\/petitions.assemblee-nationale.fr\/initiatives\/i-5254%23&amp;source=gmail&amp;ust=1773905048328000&amp;usg=AOvVaw2wQgUS5WLaWDAsHOX13vi1\">https:\/\/petitions.assemblee-nationale.fr\/initiatives\/i-5254#)<\/a><\/p>\n<p style=\"font-weight: 400;\">La FSU choisit de relayer et de soutenir cette p\u00e9tition, initi\u00e9e entre autres par le professeur Grimaldi.\u00a0<\/p>\n<p style=\"font-weight: 400;\">En effet, m\u00eame si la proposition ne correspond pas totalement \u00e0 nos mandats, cette p\u00e9tition est un excellent outil pour remettre sur le devant de la sc\u00e8ne les questions de sant\u00e9,\u00a0de solidarit\u00e9 et de protection sociale. Il s\u2019agit de redonner la main \u00e0 la S\u00e9cu qui serait \u00e0 la fois\u00a0Assurance Maladie obligatoire et Assurance Maladie compl\u00e9mentaire. La mutuelle ainsi cr\u00e9\u00e9e serait financ\u00e9e par la cotisation, donc fond\u00e9e sur les principes de solidarit\u00e9 que nous d\u00e9fendons.<\/p>\n<p style=\"font-weight: 400;\">Ce changement permettrait d\u2019enrayer le processus de marchandisation et de financiarisation de la sant\u00e9 en privant les op\u00e9rateurs du secteur priv\u00e9 lucratif d\u2019une partie des mannes financi\u00e8res qu&rsquo;ils convoitent.<\/p>\n<p style=\"font-weight: 400;\">Pour la FSU il ne s\u2019agit pas d\u2019en rester l\u00e0, mais c&rsquo;est bien d&rsquo;en faire une \u00e9tape,\u00a0compl\u00e9mentaire du travail engag\u00e9 avec plusieurs organisations pour faire du \u00ab 100% S\u00e9cu \u00bb une alternative cr\u00e9dible.<\/p>\n<p>P\u00e9tition pour la cr\u00e9ation, pour nous toutes et tous, d\u2019une S\u00e9cu Int\u00e9grale g\u00e9rant l\u2019Assurance maladie obligatoire et l\u2019Assurance compl\u00e9mentaire sant\u00e9: <a href=\"https:\/\/petitions.assemblee-nationale.fr\/initiatives\/i-5254#)\">CLIQUEZ ICI<\/a><\/p>\n<p>LIRE l&rsquo;APPEL: <a href=\"http:\/\/www.snepfsu-aix.net\/aix\/wp-content\/uploads\/2026\/03\/POUR-UNE-MUTUELLE-COMPLEMENTAIRE-DE-LA-SECU.pdf\">CLIQUEZ ICI<\/a><\/p>\n","protected":false},"excerpt":{"rendered":"<p>La FSU vous propose de signer la p\u00e9tition\u00a0\u00ab\u00a0Pour la cr\u00e9ation d\u2019une Mutuelle compl\u00e9mentaire g\u00e9r\u00e9e par la S\u00e9curit\u00e9 Sociale\u00a0\u00bb\u00a0en ligne\u00a0sur le<\/p>\n","protected":false},"author":2,"featured_media":0,"comment_status":"closed","ping_status":"open","sticky":false,"template":"","format":"standard","meta":{"footnotes":""},"categories":[1],"tags":[],"class_list":["post-10968","post","type-post","status-publish","format-standard","hentry","category-non-classe"],"_links":{"self":[{"href":"http:\/\/www.snepfsu-aix.net\/aix\/wp-json\/wp\/v2\/posts\/10968","targetHints":{"allow":["GET"]}}],"collection":[{"href":"http:\/\/www.snepfsu-aix.net\/aix\/wp-json\/wp\/v2\/posts"}],"about":[{"href":"http:\/\/www.snepfsu-aix.net\/aix\/wp-json\/wp\/v2\/types\/post"}],"author":[{"embeddable":true,"href":"http:\/\/www.snepfsu-aix.net\/aix\/wp-json\/wp\/v2\/users\/2"}],"replies":[{"embeddable":true,"href":"http:\/\/www.snepfsu-aix.net\/aix\/wp-json\/wp\/v2\/comments?post=10968"}],"version-history":[{"count":1,"href":"http:\/\/www.snepfsu-aix.net\/aix\/wp-json\/wp\/v2\/posts\/10968\/revisions"}],"predecessor-version":[{"id":10971,"href":"http:\/\/www.snepfsu-aix.net\/aix\/wp-json\/wp\/v2\/posts\/10968\/revisions\/10971"}],"wp:attachment":[{"href":"http:\/\/www.snepfsu-aix.net\/aix\/wp-json\/wp\/v2\/media?parent=10968"}],"wp:term":[{"taxonomy":"category","embeddable":true,"href":"http:\/\/www.snepfsu-aix.net\/aix\/wp-json\/wp\/v2\/categories?post=10968"},{"taxonomy":"post_tag","embeddable":true,"href":"http:\/\/www.snepfsu-aix.net\/aix\/wp-json\/wp\/v2\/tags?post=10968"}],"curies":[{"name":"wp","href":"https:\/\/api.w.org\/{rel}","templated":true}]}}