{"id":10597,"date":"2025-10-16T17:23:08","date_gmt":"2025-10-16T15:23:08","guid":{"rendered":"https:\/\/www.snepfsu-aix.net\/aix\/?p=10597"},"modified":"2025-10-17T17:17:45","modified_gmt":"2025-10-17T15:17:45","slug":"la-region-sud-souhaite-t-elle-al-mort-du-sport-scolaire","status":"publish","type":"post","link":"http:\/\/www.snepfsu-aix.net\/aix\/la-region-sud-souhaite-t-elle-al-mort-du-sport-scolaire\/","title":{"rendered":"La r\u00e9gion SUD souhaite-t-elle al mort du sport scolaire?"},"content":{"rendered":"\n<p><img loading=\"lazy\" decoding=\"async\" class=\"alignleft\" src=\"http:\/\/www.snepfsu-aix.net\/aix\/wp-content\/uploads\/2025\/10\/epass-suppression-mort.png\" alt=\"\" width=\"562\" height=\"246\" \/>Suite \u00e0 l&rsquo;annonce d\u00e9sastreuse de la R\u00e9gion SUD de supprimer l&rsquo;aide de 20\u20ac pour permettre aux lyc\u00e9ens et lyc\u00e9ennes de la r\u00e9gion de payer leur adh\u00e9sion \u00e0 l&rsquo;association sportive de leur \u00e9tablissement, le SNEP FSU d&rsquo;Aix Marseille et de Nice ont rencontr\u00e9 les personnes en charge du dossier \u00e0 la R\u00e9gion le 14 septembre 2025.<\/p>\n<p>Retrouvez ici notre courrier de r\u00e9ponse suite \u00e0 cette entrevue: <a href=\"http:\/\/www.snepfsu-aix.net\/aix\/wp-content\/uploads\/2025\/10\/courrier-SNEP-Epass-Region-PACA.pdf\">CLIQUEZ ICI<\/a><\/p>\n<p>Pour nous, il est inconcevable que pour une op\u00e9ration de communication\u00a0 de la r\u00e9gion (JO d&rsquo;hiver de 2030), les lyc\u00e9ens et lyc\u00e9ennes sont p\u00e9nalis\u00e9es dans leur acc\u00e8s \u00e0 une pratique sportive scolaire. L&rsquo;AS et l&rsquo;UNSS, v\u00e9ritables outils de service public sportif favorisent fortement la pratique sportive des filles, des classes sociales les plus d\u00e9favoris\u00e9es (co\u00fbt de la licence tr\u00e8s modique) et inclusif (aves sa cat\u00e9gorie \u00ab\u00a0sport partag\u00e9\u00a0\u00bb).<\/p>\n<p>Le SNEP FSU esp\u00e8re que la r\u00e9gion SUD entendra notre appel, soutenu par de nombreux professeurs d&rsquo;EPS de lyc\u00e9es et lyc\u00e9es professionnels des acad\u00e9mies d&rsquo;Aix-Marseille et de Nice.<\/p>\n<p>En attendant le retour de cette aide, nous esp\u00e9rons qu&rsquo;une mesure transitoire sera accord\u00e9e en permettant aux \u00e9l\u00e8ves licenci\u00e9s \u00e0 des sports de montagne \u00e0 l&rsquo;UNSS puissent b\u00e9n\u00e9ficier de la nouvelle aide pr\u00e9vue par le conseil r\u00e9gional.<\/p>\n<p>\u00a0<\/p>\n\n\n","protected":false},"excerpt":{"rendered":"<p>Suite \u00e0 l&rsquo;annonce d\u00e9sastreuse de la R\u00e9gion SUD de supprimer l&rsquo;aide de 20\u20ac pour permettre aux lyc\u00e9ens et lyc\u00e9ennes de<\/p>\n","protected":false},"author":2,"featured_media":0,"comment_status":"closed","ping_status":"open","sticky":false,"template":"","format":"standard","meta":{"footnotes":""},"categories":[1],"tags":[],"class_list":["post-10597","post","type-post","status-publish","format-standard","hentry","category-non-classe"],"_links":{"self":[{"href":"http:\/\/www.snepfsu-aix.net\/aix\/wp-json\/wp\/v2\/posts\/10597","targetHints":{"allow":["GET"]}}],"collection":[{"href":"http:\/\/www.snepfsu-aix.net\/aix\/wp-json\/wp\/v2\/posts"}],"about":[{"href":"http:\/\/www.snepfsu-aix.net\/aix\/wp-json\/wp\/v2\/types\/post"}],"author":[{"embeddable":true,"href":"http:\/\/www.snepfsu-aix.net\/aix\/wp-json\/wp\/v2\/users\/2"}],"replies":[{"embeddable":true,"href":"http:\/\/www.snepfsu-aix.net\/aix\/wp-json\/wp\/v2\/comments?post=10597"}],"version-history":[{"count":3,"href":"http:\/\/www.snepfsu-aix.net\/aix\/wp-json\/wp\/v2\/posts\/10597\/revisions"}],"predecessor-version":[{"id":10622,"href":"http:\/\/www.snepfsu-aix.net\/aix\/wp-json\/wp\/v2\/posts\/10597\/revisions\/10622"}],"wp:attachment":[{"href":"http:\/\/www.snepfsu-aix.net\/aix\/wp-json\/wp\/v2\/media?parent=10597"}],"wp:term":[{"taxonomy":"category","embeddable":true,"href":"http:\/\/www.snepfsu-aix.net\/aix\/wp-json\/wp\/v2\/categories?post=10597"},{"taxonomy":"post_tag","embeddable":true,"href":"http:\/\/www.snepfsu-aix.net\/aix\/wp-json\/wp\/v2\/tags?post=10597"}],"curies":[{"name":"wp","href":"https:\/\/api.w.org\/{rel}","templated":true}]}}