{"id":10568,"date":"2025-10-03T16:24:22","date_gmt":"2025-10-03T14:24:22","guid":{"rendered":"https:\/\/www.snepfsu-aix.net\/aix\/?p=10568"},"modified":"2025-10-03T16:46:05","modified_gmt":"2025-10-03T14:46:05","slug":"stage-eps-et-ecologie-snep-84","status":"publish","type":"post","link":"http:\/\/www.snepfsu-aix.net\/aix\/stage-eps-et-ecologie-snep-84\/","title":{"rendered":"Stage EPS et \u00e9cologie, SNEP 84"},"content":{"rendered":"\n<p><img decoding=\"async\" src=\"http:\/\/www.snepfsu-aix.net\/aix\/wp-content\/uploads\/2025\/10\/Stage-ecologie.png\" alt=\"\" \/><\/p>\n<p><strong><u>L\u2019EPS face \u00e0 l\u2019urgence climatique et environnementale <\/u><\/strong><\/p>\n<p><strong>Stage organis\u00e9 par le Snep\/Fsu 84 le lundi 8 d\u00e9cembre2025 de 9h \u00e0 17h<\/strong><\/p>\n<p><strong>Au LP Eguilles, 811 avenue d\u2019eguille, 94270 Ved\u00e8ne<\/strong><\/p>\n<p><u>Ce stage a pour but de\u00a0:<\/u><\/p>\n<ul>\n<li>Faire le point sur la crise \u00e9cologique en cours et son caract\u00e8re syst\u00e9mique. (Fresque du climat)<\/li>\n<li>Faire \u00e9merger des engagements collectifs et individuels pour ne pas rester inactif et isol\u00e9, que ce soit en tant que citoyen ou en tant qu\u2019enseignant.<\/li>\n<li>Donner des exemples d\u2019actions pour agir en tant que prof d\u2019EPS, de l\u2019organisation de notre discipline jusqu\u2019\u00e0 la transmission de contenus aux \u00e9l\u00e8ves<\/li>\n<\/ul>\n<p>Pour les coll\u00e8gues ayant d\u00e9j\u00e0 assist\u00e9 au stage, nous essaierons d\u2019avancer sur des propositions concr\u00e8tes et des id\u00e9es de mandats pour le prochain congr\u00e8s national du SNEP.<\/p>\n<p>D\u00e9poser votre convocation 1 mois avant la date du stage: <a href=\"http:\/\/www.snepfsu-aix.net\/aix\/wp-content\/uploads\/2025\/10\/Convocation-stage-ecologie-2025.pdf\">CONVOCATION<\/a><\/p>\n<p>Parce que nous ne pouvons ignorer l\u2019urgence \u00e9cologique en cours, qui impacte d\u00e9j\u00e0 nos vies et notre m\u00e9tier, <strong>Inscrivez vous au lien suivant: <a href=\"https:\/\/forms.gle\/ceXwgvJAvMnDiJMU7\">CLIQUEZ ICI<\/a><\/strong><\/p>\n","protected":false},"excerpt":{"rendered":"<p>L\u2019EPS face \u00e0 l\u2019urgence climatique et environnementale Stage organis\u00e9 par le Snep\/Fsu 84 le lundi 8 d\u00e9cembre2025 de 9h \u00e0<\/p>\n","protected":false},"author":2,"featured_media":0,"comment_status":"closed","ping_status":"open","sticky":false,"template":"","format":"standard","meta":{"footnotes":""},"categories":[1],"tags":[],"class_list":["post-10568","post","type-post","status-publish","format-standard","hentry","category-non-classe"],"_links":{"self":[{"href":"http:\/\/www.snepfsu-aix.net\/aix\/wp-json\/wp\/v2\/posts\/10568","targetHints":{"allow":["GET"]}}],"collection":[{"href":"http:\/\/www.snepfsu-aix.net\/aix\/wp-json\/wp\/v2\/posts"}],"about":[{"href":"http:\/\/www.snepfsu-aix.net\/aix\/wp-json\/wp\/v2\/types\/post"}],"author":[{"embeddable":true,"href":"http:\/\/www.snepfsu-aix.net\/aix\/wp-json\/wp\/v2\/users\/2"}],"replies":[{"embeddable":true,"href":"http:\/\/www.snepfsu-aix.net\/aix\/wp-json\/wp\/v2\/comments?post=10568"}],"version-history":[{"count":2,"href":"http:\/\/www.snepfsu-aix.net\/aix\/wp-json\/wp\/v2\/posts\/10568\/revisions"}],"predecessor-version":[{"id":10587,"href":"http:\/\/www.snepfsu-aix.net\/aix\/wp-json\/wp\/v2\/posts\/10568\/revisions\/10587"}],"wp:attachment":[{"href":"http:\/\/www.snepfsu-aix.net\/aix\/wp-json\/wp\/v2\/media?parent=10568"}],"wp:term":[{"taxonomy":"category","embeddable":true,"href":"http:\/\/www.snepfsu-aix.net\/aix\/wp-json\/wp\/v2\/categories?post=10568"},{"taxonomy":"post_tag","embeddable":true,"href":"http:\/\/www.snepfsu-aix.net\/aix\/wp-json\/wp\/v2\/tags?post=10568"}],"curies":[{"name":"wp","href":"https:\/\/api.w.org\/{rel}","templated":true}]}}