{"id":10542,"date":"2025-09-25T17:24:44","date_gmt":"2025-09-25T15:24:44","guid":{"rendered":"https:\/\/www.snepfsu-aix.net\/aix\/?p=10542"},"modified":"2025-09-25T17:24:45","modified_gmt":"2025-09-25T15:24:45","slug":"unss-le-cd-13-et-la-region-paca-se-desengagent","status":"publish","type":"post","link":"http:\/\/www.snepfsu-aix.net\/aix\/unss-le-cd-13-et-la-region-paca-se-desengagent\/","title":{"rendered":"UNSS: le CD 13 et la r\u00e9gion PACA se d\u00e9sengagent!"},"content":{"rendered":"\n<p><span class=\"a_GcMg font-feature-liga-off font-feature-clig-off font-feature-calt-off text-decoration-none text-strikethrough-none\"><img loading=\"lazy\" decoding=\"async\" class=\"alignleft\" src=\"http:\/\/www.snepfsu-aix.net\/aix\/wp-content\/uploads\/2025\/09\/Black-friday-Special-UNSS.png\" alt=\"\" width=\"369\" height=\"237\" \/>Les politiques d\u2019aust\u00e9rit\u00e9 men\u00e9es par un gouvernement pro capitaliste ont des r\u00e9percussions directes pour nos AS dans notre r\u00e9gion et dans les Bouches du Rh\u00f4ne.<\/span><\/p>\n<p class=\"cvGsUA direction-ltr align-justify para-style-body\"><span class=\"a_GcMg font-feature-liga-off font-feature-clig-off font-feature-calt-off text-decoration-none text-strikethrough-none\">Mme Vassal et M. Muselier effectuent des choix budg\u00e9taire qui ne vont pas dans l\u2019int\u00e9r\u00eat du sport scolaire.<\/span><\/p>\n<p class=\"cvGsUA direction-ltr align-justify para-style-body\"><span class=\"a_GcMg font-feature-liga-off font-feature-clig-off font-feature-calt-off text-decoration-none text-strikethrough-none\">Le CD 13 a d\u00e9cid\u00e9 de <\/span><span class=\"a_GcMg font-feature-liga-off font-feature-clig-off font-feature-calt-off text-decoration-none text-strikethrough-none\">diminuer de 25% l\u2019aide sport sur la carte Cjeunes <\/span><span class=\"a_GcMg font-feature-liga-off font-feature-clig-off font-feature-calt-off text-decoration-none text-strikethrough-none\">(75\u20ac au lieu de 100\u20ac). Le CR PACA a quant \u00e0 lui act\u00e9 la <\/span><span class=\"a_GcMg font-feature-liga-off font-feature-clig-off font-feature-calt-off text-decoration-none text-strikethrough-none\">suppression des 20\u20ac de l\u2019epass jeune<\/span><span class=\"a_GcMg font-feature-liga-off font-feature-clig-off font-feature-calt-off text-decoration-none text-strikethrough-none\"> lyc\u00e9en permettant de payer l\u2019AS. Scandaleux!<\/span><\/p>\n<p class=\"cvGsUA direction-ltr align-justify para-style-body\"><span class=\"a_GcMg font-feature-liga-off font-feature-clig-off font-feature-calt-off text-decoration-none text-strikethrough-none\">Le SNEP<\/span> <span class=\"a_GcMg font-feature-liga-off font-feature-clig-off font-feature-calt-off text-decoration-none text-strikethrough-none\">a rencontr\u00e9 le conseil r\u00e9gional mardi 16\/09\/25 afin de leur faire prendre conscience qu\u2019\u00e9norm\u00e9ment de lyc\u00e9ens utilisaient leur aide de 20\u20ac pour adh\u00e9rer \u00e0 l\u2019AS. Nous leur avons \u00e9galement d\u00e9montr\u00e9 que leur choix budg\u00e9taire risquait de mettre en danger les AS des lyc\u00e9es accueillants les \u00e9l\u00e8ves les plus d\u00e9favoris\u00e9s.<\/span><\/p>\n<p>Le nouveau projet e pass jeune doit \u00eatre vot\u00e9 mi-octobre au conseil r\u00e9gional PACA. Il a pour objectif de privil\u00e9gier uniquement les sports de montagne en vue de la promotion des JO d&rsquo;hiver 2030. Mais les \u00e9lus du conseil r\u00e9gional ne doivent pas oublier l&rsquo;h\u00e9ritage des JO 2024 pour nos \u00e9l\u00e8ves. Beaucoup d&rsquo;AS lyc\u00e9e comptent sur cette aide financi\u00e8re. Certaines d&rsquo;entre elles sont en situation financi\u00e8re alarmante notamment en LP.<\/p>\n<p>Esp\u00e9rons que les \u00e9lus r\u00e9gionaux prennent la bonne d\u00e9cision, suite \u00e0 notre entrevue, en permettant aux AS de b\u00e9n\u00e9ficier \u00e0 nouveau aux lyc\u00e9ens de payer leur adh\u00e9sion avec l&rsquo;e pass jeunes. Le professeurs d&rsquo;EPS, les lyc\u00e9ens et lyc\u00e9ennes, ainsi que leur parent leur en seront reconnaissant.<\/p>\n\n\n\n\n","protected":false},"excerpt":{"rendered":"<p>Les politiques d\u2019aust\u00e9rit\u00e9 men\u00e9es par un gouvernement pro capitaliste ont des r\u00e9percussions directes pour nos AS dans notre r\u00e9gion et<\/p>\n","protected":false},"author":2,"featured_media":0,"comment_status":"closed","ping_status":"open","sticky":false,"template":"","format":"standard","meta":{"footnotes":""},"categories":[1],"tags":[],"class_list":["post-10542","post","type-post","status-publish","format-standard","hentry","category-non-classe"],"_links":{"self":[{"href":"http:\/\/www.snepfsu-aix.net\/aix\/wp-json\/wp\/v2\/posts\/10542","targetHints":{"allow":["GET"]}}],"collection":[{"href":"http:\/\/www.snepfsu-aix.net\/aix\/wp-json\/wp\/v2\/posts"}],"about":[{"href":"http:\/\/www.snepfsu-aix.net\/aix\/wp-json\/wp\/v2\/types\/post"}],"author":[{"embeddable":true,"href":"http:\/\/www.snepfsu-aix.net\/aix\/wp-json\/wp\/v2\/users\/2"}],"replies":[{"embeddable":true,"href":"http:\/\/www.snepfsu-aix.net\/aix\/wp-json\/wp\/v2\/comments?post=10542"}],"version-history":[{"count":1,"href":"http:\/\/www.snepfsu-aix.net\/aix\/wp-json\/wp\/v2\/posts\/10542\/revisions"}],"predecessor-version":[{"id":10544,"href":"http:\/\/www.snepfsu-aix.net\/aix\/wp-json\/wp\/v2\/posts\/10542\/revisions\/10544"}],"wp:attachment":[{"href":"http:\/\/www.snepfsu-aix.net\/aix\/wp-json\/wp\/v2\/media?parent=10542"}],"wp:term":[{"taxonomy":"category","embeddable":true,"href":"http:\/\/www.snepfsu-aix.net\/aix\/wp-json\/wp\/v2\/categories?post=10542"},{"taxonomy":"post_tag","embeddable":true,"href":"http:\/\/www.snepfsu-aix.net\/aix\/wp-json\/wp\/v2\/tags?post=10542"}],"curies":[{"name":"wp","href":"https:\/\/api.w.org\/{rel}","templated":true}]}}