{"id":10520,"date":"2025-09-25T15:50:07","date_gmt":"2025-09-25T13:50:07","guid":{"rendered":"https:\/\/www.snepfsu-aix.net\/aix\/?p=10520"},"modified":"2025-09-27T09:17:55","modified_gmt":"2025-09-27T07:17:55","slug":"argent-public-pour-lecole-publique-agissez","status":"publish","type":"post","link":"http:\/\/www.snepfsu-aix.net\/aix\/argent-public-pour-lecole-publique-agissez\/","title":{"rendered":"Argent public pour l&rsquo;\u00e9cole publique: agissez!"},"content":{"rendered":"\n<p><strong>Communiqu\u00e9 Ofesp 13 du 24 septembre 2025 sur la plateforme citoyenne de la Cour des Comptes<\/strong><\/p>\n<h1 class=\"entry-title\">Appel \u00e0 soutien pour nos demandes d\u2019enqu\u00eates!<\/h1>\n<p><strong>L\u2019Observatoire sur le financement des \u00e9tablissements scolaires priv\u00e9s du 13 propose de soutenir sa d\u00e9marche citoyenne aupr\u00e8s de la Cour R\u00e9gionale des comptes de la R\u00e9gion PACA et de la Cour des Comptes<img decoding=\"async\" class=\"alignleft\" src=\"http:\/\/www.snepfsu-aix.net\/aix\/wp-content\/uploads\/2025\/09\/Logo-ofesp-13-logo-OS-1.png\" alt=\"\" \/><\/strong><\/p>\n<p>Les \u00e9tablissements priv\u00e9s sont largement financ\u00e9s par de l\u2019argent public et ce sans qu\u2019il ne semble possible de contr\u00f4ler ce qui s\u2019y passe. Il ne s\u2019agit pas seulement du contr\u00f4le des programmes et de l\u2019organisation de ces \u00e9tablissements. Il s\u2019agit de la gabegie financi\u00e8re que cela repr\u00e9sente. Dans ces temps o\u00f9 l\u2019\u00c9cole Publique manque cruellement de moyens, il nous semble n\u00e9cessaire de rappeler que, par sa concurrence d\u00e9loyale, le financement des \u00e9coles priv\u00e9es sous-contrat emp\u00eache l\u2019\u00c9tat de remplir le devoir qu\u2019il doit rendre. Non soumis \u00e0 la carte scolaire, ces \u00e9tablissements priv\u00e9s subventionn\u00e9s ont un r\u00f4le pr\u00e9pond\u00e9rant dans la s\u00e9gr\u00e9gation sociale et scolaire de la jeunesse.<\/p>\n<p>A ce titre, l\u2019installation et le financement du nouveau coll\u00e8ge priv\u00e9 j\u00e9suite Loyola \u00e0 hauteur de 2 millions d\u2019euros par le D\u00e9partement, \u00e0 la place d\u2019un coll\u00e8ge public dans un secteur de Marseille qui en a grandement besoin, sont r\u00e9v\u00e9lateurs de cette volont\u00e9 de favoriser le priv\u00e9 au d\u00e9triment du public.<\/p>\n<p>Dans le cadre des objectifs qu\u2019il s\u2019est donn\u00e9: <em>rendre transparent le financement public des \u00e9tablissements scolaires priv\u00e9s et \u00e9laborer collectivement un<\/em><em>e fa\u00e7on d\u2019en sortir<\/em>,<\/p>\n<p><strong>L\u2019<\/strong><a href=\"https:\/\/observatoire-financement-etablissements-scolaires-prives.fr\/\"><strong>Observatoire sur le financement des \u00e9tablissements scolaires priv\u00e9s du 13 <\/strong><\/a>s\u2019est engag\u00e9 sur la plateforme citoyenne de la Cour des Comptes et des Chambres R\u00e9gionales et Territoriales des Comptes pour demander des enqu\u00eates et des contr\u00f4les de ce financement.<\/p>\n<p>Ces demandes seront entendues si elles sont soutenues par un grand nombre de citoyens.<\/p>\n<p><a href=\"https:\/\/observatoire-financement-etablissements-scolaires-prives.fr\/\"><strong>L\u2019Observatoire sur le financement des \u00e9tablissements scolaires priv\u00e9s du 13<\/strong><\/a> propose donc de soutenir ses d\u00e9marches <strong><u>avant le 30 septembre. Cr\u00e9ez un compte et soutenez, c&rsquo;est facile<\/u>\u00a0:<\/strong><\/p>\n<ol>\n<li><span style=\"color: #ff0000;\"><strong>Pour la mise en application des recommandations que la Cour des Comptes avait \u00e9tablies lors de son enqu\u00eate de 2023. <a href=\"https:\/\/ofesp.fr\/cdc\"><span style=\"color: #0000ff;\">CLIQUEZ ICI:<\/span> (<span style=\"color: #0000ff;\">https:\/\/ofesp.fr\/cdc).<\/span><\/a><\/strong><\/span><\/li>\n<\/ol>\n<p>\u00a0<\/p>\n<ol start=\"2\">\n<li><span style=\"color: #ff0000;\"><strong>Pour la mise en place d\u2019une enqu\u00eate et d\u2019un contr\u00f4le du financement des \u00e9tablissements scolaires priv\u00e9s dans les Bouches-du-Rh\u00f4ne. <a href=\"https:\/\/ofesp.fr\/cdc\"><span style=\"color: #0000ff;\">CLIQUEZ ICI:<\/span> <span style=\"color: #0000ff;\">(https:\/\/ofesp.fr\/cdc).<\/span><\/a><\/strong><\/span><\/li>\n<\/ol>\n<p>\u00a0<\/p>\n<p><strong>Dans une p\u00e9riode o<\/strong><strong>\u00f9 le budget de l&rsquo;\u00c9cole Publique est remis en question, l\u2019Ofesp 13 demande un contr\u00f4le des financements publics des \u00e9tablissements scolaires priv\u00e9s\u00a0!<\/strong><\/p>\n<p>\u00a0<\/p>\n","protected":false},"excerpt":{"rendered":"<p>Communiqu\u00e9 Ofesp 13 du 24 septembre 2025 sur la plateforme citoyenne de la Cour des Comptes Appel \u00e0 soutien pour<\/p>\n","protected":false},"author":2,"featured_media":0,"comment_status":"closed","ping_status":"open","sticky":false,"template":"","format":"standard","meta":{"footnotes":""},"categories":[1],"tags":[],"class_list":["post-10520","post","type-post","status-publish","format-standard","hentry","category-non-classe"],"_links":{"self":[{"href":"http:\/\/www.snepfsu-aix.net\/aix\/wp-json\/wp\/v2\/posts\/10520","targetHints":{"allow":["GET"]}}],"collection":[{"href":"http:\/\/www.snepfsu-aix.net\/aix\/wp-json\/wp\/v2\/posts"}],"about":[{"href":"http:\/\/www.snepfsu-aix.net\/aix\/wp-json\/wp\/v2\/types\/post"}],"author":[{"embeddable":true,"href":"http:\/\/www.snepfsu-aix.net\/aix\/wp-json\/wp\/v2\/users\/2"}],"replies":[{"embeddable":true,"href":"http:\/\/www.snepfsu-aix.net\/aix\/wp-json\/wp\/v2\/comments?post=10520"}],"version-history":[{"count":5,"href":"http:\/\/www.snepfsu-aix.net\/aix\/wp-json\/wp\/v2\/posts\/10520\/revisions"}],"predecessor-version":[{"id":10549,"href":"http:\/\/www.snepfsu-aix.net\/aix\/wp-json\/wp\/v2\/posts\/10520\/revisions\/10549"}],"wp:attachment":[{"href":"http:\/\/www.snepfsu-aix.net\/aix\/wp-json\/wp\/v2\/media?parent=10520"}],"wp:term":[{"taxonomy":"category","embeddable":true,"href":"http:\/\/www.snepfsu-aix.net\/aix\/wp-json\/wp\/v2\/categories?post=10520"},{"taxonomy":"post_tag","embeddable":true,"href":"http:\/\/www.snepfsu-aix.net\/aix\/wp-json\/wp\/v2\/tags?post=10520"}],"curies":[{"name":"wp","href":"https:\/\/api.w.org\/{rel}","templated":true}]}}