{"id":10390,"date":"2025-08-27T10:56:05","date_gmt":"2025-08-27T08:56:05","guid":{"rendered":"https:\/\/www.snepfsu-aix.net\/aix\/?p=10390"},"modified":"2025-08-27T10:56:05","modified_gmt":"2025-08-27T08:56:05","slug":"sejour-preparation-a-la-retraite","status":"publish","type":"post","link":"http:\/\/www.snepfsu-aix.net\/aix\/sejour-preparation-a-la-retraite\/","title":{"rendered":"S\u00e9jour Pr\u00e9paration \u00e0 la retraite"},"content":{"rendered":"\n<section class=\"elementor-section elementor-top-section elementor-element elementor-element-25dca56 elementor-section-content-middle elementor-section-boxed elementor-section-height-default elementor-section-height-default\" data-id=\"25dca56\" data-element_type=\"section\">\n<div class=\"elementor-container elementor-column-gap-default\">\n<div class=\"elementor-column elementor-col-50 elementor-top-column elementor-element elementor-element-3706c3d\" data-id=\"3706c3d\" data-element_type=\"column\">\n<div class=\"elementor-widget-wrap elementor-element-populated\">\n<div class=\"elementor-element elementor-element-cf9a507 elementor-widget elementor-widget-text-editor\" data-id=\"cf9a507\" data-element_type=\"widget\" data-widget_type=\"text-editor.default\">\n<div class=\"elementor-widget-container\">\n<p align=\"center\"><img loading=\"lazy\" decoding=\"async\" class=\"\" src=\"http:\/\/www.snepfsu-aix.net\/aix\/wp-content\/uploads\/2025\/08\/voyage-prepa-retraite.png\" alt=\"\" width=\"576\" height=\"395\" \/><\/p>\n<p style=\"text-align: left;\" align=\"center\">La SRIAS (section r\u00e9gionale interminist\u00e9rielle d&rsquo;action sociale) subventionne ce s\u00e9jour \u00e0 hauteur de 250\u20ac par personne. Le reste \u00e0 charge pour les agents est de 280\u20ac.<\/p>\n<p style=\"text-align: left;\" align=\"center\">Ce s\u00e9jour s\u2019adresse aux futurs (proches) retrait\u00e9s ou aux jeunes retrait\u00e9s de la fonction publique de l\u2019\u00c9tat (ainsi qu\u2019\u00e0 leur conjoint.e).<\/p>\n<p style=\"text-align: left;\" align=\"center\">4 modules de 2H seront consacr\u00e9s \u00e0 la th\u00e9matique de la pr\u00e9paration \u00e0 la retraite\u00a0<a role=\"link\" href=\"https:\/\/srias.paca.gouv.fr\/programme-detaille\/\" target=\"_blank\" rel=\"attachment noopener wp-att-16082\">programme d\u00e9taill\u00e9<\/a><\/p>\n<\/div>\n<\/div>\n<\/div>\n<\/div>\n<\/div>\n<\/section>\n<section class=\"elementor-section elementor-top-section elementor-element elementor-element-ddcdc46 elementor-section-boxed elementor-section-height-default elementor-section-height-default\" data-id=\"ddcdc46\" data-element_type=\"section\">\n<div class=\"elementor-container elementor-column-gap-default\">\n<div class=\"elementor-column elementor-col-100 elementor-top-column elementor-element elementor-element-cf852b2\" data-id=\"cf852b2\" data-element_type=\"column\">\n<div class=\"elementor-widget-wrap elementor-element-populated\">\n<div class=\"elementor-element elementor-element-c40d5e4 elementor-widget elementor-widget-text-editor\" data-id=\"c40d5e4\" data-element_type=\"widget\" data-widget_type=\"text-editor.default\">\n<div class=\"elementor-widget-container\">\n<p style=\"text-align: left;\" align=\"center\">Au programme : DO-IN, Streching, aquagym, yoga, balade p\u00e9destre, animations en journ\u00e9es et soir\u00e9es, piscine couverte chauff\u00e9e, solarium, salle de gym, hammam, sauna\u2026<\/p>\n<p align=\"center\"><a href=\"https:\/\/www.srias.paca.gouv.fr\/sejour-zen-a-chorges-05-bien-preparer-sa-retraite-du-19-au-24-octobre-2025\/\">CLIQUEZ ICI POUR AVOIR LES INFORMATIONS<\/a><\/p>\n<p align=\"center\"><img loading=\"lazy\" decoding=\"async\" class=\"\" src=\"http:\/\/www.snepfsu-aix.net\/aix\/wp-content\/uploads\/2025\/08\/Logo-Srias-e1712845055573.png\" alt=\"\" width=\"228\" height=\"228\" \/><\/p>\n<\/div>\n<\/div>\n<\/div>\n<\/div>\n<\/div>\n<\/section>\n\n\n","protected":false},"excerpt":{"rendered":"<p>La SRIAS (section r\u00e9gionale interminist\u00e9rielle d&rsquo;action sociale) subventionne ce s\u00e9jour \u00e0 hauteur de 250\u20ac par personne. Le reste \u00e0 charge<\/p>\n","protected":false},"author":2,"featured_media":0,"comment_status":"closed","ping_status":"open","sticky":false,"template":"","format":"standard","meta":{"footnotes":""},"categories":[1],"tags":[],"class_list":["post-10390","post","type-post","status-publish","format-standard","hentry","category-non-classe"],"_links":{"self":[{"href":"http:\/\/www.snepfsu-aix.net\/aix\/wp-json\/wp\/v2\/posts\/10390","targetHints":{"allow":["GET"]}}],"collection":[{"href":"http:\/\/www.snepfsu-aix.net\/aix\/wp-json\/wp\/v2\/posts"}],"about":[{"href":"http:\/\/www.snepfsu-aix.net\/aix\/wp-json\/wp\/v2\/types\/post"}],"author":[{"embeddable":true,"href":"http:\/\/www.snepfsu-aix.net\/aix\/wp-json\/wp\/v2\/users\/2"}],"replies":[{"embeddable":true,"href":"http:\/\/www.snepfsu-aix.net\/aix\/wp-json\/wp\/v2\/comments?post=10390"}],"version-history":[{"count":1,"href":"http:\/\/www.snepfsu-aix.net\/aix\/wp-json\/wp\/v2\/posts\/10390\/revisions"}],"predecessor-version":[{"id":10392,"href":"http:\/\/www.snepfsu-aix.net\/aix\/wp-json\/wp\/v2\/posts\/10390\/revisions\/10392"}],"wp:attachment":[{"href":"http:\/\/www.snepfsu-aix.net\/aix\/wp-json\/wp\/v2\/media?parent=10390"}],"wp:term":[{"taxonomy":"category","embeddable":true,"href":"http:\/\/www.snepfsu-aix.net\/aix\/wp-json\/wp\/v2\/categories?post=10390"},{"taxonomy":"post_tag","embeddable":true,"href":"http:\/\/www.snepfsu-aix.net\/aix\/wp-json\/wp\/v2\/tags?post=10390"}],"curies":[{"name":"wp","href":"https:\/\/api.w.org\/{rel}","templated":true}]}}