{"id":10384,"date":"2025-08-27T10:16:54","date_gmt":"2025-08-27T08:16:54","guid":{"rendered":"https:\/\/www.snepfsu-aix.net\/aix\/?p=10384"},"modified":"2025-08-27T10:16:54","modified_gmt":"2025-08-27T08:16:54","slug":"trouver-un-logement-temporaire","status":"publish","type":"post","link":"http:\/\/www.snepfsu-aix.net\/aix\/trouver-un-logement-temporaire\/","title":{"rendered":"Trouver un logement temporaire"},"content":{"rendered":"\n<section class=\"elementor-section elementor-top-section elementor-element elementor-element-c6da8b6 elementor-section-boxed elementor-section-height-default elementor-section-height-default\" data-id=\"c6da8b6\" data-element_type=\"section\">\n<div class=\"elementor-container elementor-column-gap-default\">\n<div class=\"elementor-column elementor-col-100 elementor-top-column elementor-element elementor-element-5bf32e1\" data-id=\"5bf32e1\" data-element_type=\"column\">\n<div class=\"elementor-widget-wrap elementor-element-populated\">\n<div class=\"elementor-element elementor-element-0cf720b elementor-widget elementor-widget-text-editor\" data-id=\"0cf720b\" data-element_type=\"widget\" data-widget_type=\"text-editor.default\">\n<div class=\"elementor-widget-container\">\n<p align=\"center\"><strong><img loading=\"lazy\" decoding=\"async\" class=\"alignleft\" src=\"http:\/\/www.snepfsu-aix.net\/aix\/wp-content\/uploads\/2025\/08\/Logo-Srias-e1712845055573.png\" alt=\"\" width=\"222\" height=\"222\" \/>Nouvellement affect\u00e9 en PACA ou oblig\u00e9 d\u2019\u00eatre relog\u00e9 pour des raisons professionnelles, la SRIAS PACA met \u00e0 disposition des agents de la r\u00e9gion, un dispositif d\u2019aide \u00e0 la recherche de logement.<\/strong><\/p>\n<\/div>\n<\/div>\n<\/div>\n<\/div>\n<\/div>\n<\/section>\n<section class=\"elementor-section elementor-top-section elementor-element elementor-element-97cc417 elementor-section-boxed elementor-section-height-default elementor-section-height-default\" data-id=\"97cc417\" data-element_type=\"section\">\n<div class=\"elementor-container elementor-column-gap-default\">\n<div class=\"elementor-column elementor-col-100 elementor-top-column elementor-element elementor-element-ff62863\" data-id=\"ff62863\" data-element_type=\"column\">\n<div class=\"elementor-widget-wrap elementor-element-populated\">\n<div class=\"elementor-element elementor-element-6176174 elementor-widget elementor-widget-text-editor\" data-id=\"6176174\" data-element_type=\"widget\" data-widget_type=\"text-editor.default\">\n<div class=\"elementor-widget-container\">\n<p class=\"western\" align=\"center\">Le partenaire\u00a0Mieux Loger Votre Agent\u00a0accompagne les agents de l\u2019\u00c9tat dans leurs recherches de\u00a0logements temporaires.<\/p>\n<p align=\"center\"><b>1. V<\/b><b>ous pouvez b\u00e9n\u00e9ficier d\u2019une solution temporaire avec subvention<\/b>\u00a0pour une dur\u00e9e minimum de 1 nuit jusqu\u2019\u00e0 3\u00a0mois maximum.\u00a0L\u2019aide est d\u2019un montant maximum \u00e9quivalent \u00e0 40\u00a0% du tarif public journalier et limit\u00e9e \u00e0 400\u00a0\u20ac pour 1\u00a0mois\u00a0: elle sera d\u00e9duite automatiquement par le prestataire sur le tarif public appliqu\u00e9 jusqu\u2019\u00e0 3\u00a0mois cumul\u00e9s maximum (1\u00a0200\u00a0\u20ac).<\/p>\n<p align=\"center\"><b>Pour cela vous devez imp\u00e9rativement contacter l\u2019assistant-e social-e de votre minist\u00e8re, les aides ne seront d\u00e9bloqu\u00e9es qu\u2019\u00e0 cette condition.<\/b><\/p>\n<p align=\"center\"><b>2. Vous pouvez contacter vous-m\u00eame la plateforme Mieux Loger Votre Agent<\/b>, le partenaire vous aidera dans vos recherches mais, si vous le saisissez directement, vous ne pourrez b\u00e9n\u00e9ficier d\u2019une subvention.<\/p>\n<p align=\"center\">Si vous n\u2019arrivez pas \u00e0 joindre votre assistant-e social-e et que vous \u00eates dans l\u2019urgence, \u00e9crivez-nous, nous essayerons de la contacter de notre c\u00f4t\u00e9.<\/p>\n<p align=\"center\"><a href=\"https:\/\/www.srias.paca.gouv.fr\/mlva-trouver-un-logement-temporaire\/\">CLIQUEZ ICI POUR AVOIR LES INFORMATIONS<\/a><\/p>\n<p align=\"center\">\u00a0<\/p>\n<\/div>\n<\/div>\n<\/div>\n<\/div>\n<\/div>\n<\/section>\n","protected":false},"excerpt":{"rendered":"<p>Nouvellement affect\u00e9 en PACA ou oblig\u00e9 d\u2019\u00eatre relog\u00e9 pour des raisons professionnelles, la SRIAS PACA met \u00e0 disposition des agents<\/p>\n","protected":false},"author":2,"featured_media":0,"comment_status":"closed","ping_status":"open","sticky":false,"template":"","format":"standard","meta":{"footnotes":""},"categories":[1],"tags":[],"class_list":["post-10384","post","type-post","status-publish","format-standard","hentry","category-non-classe"],"_links":{"self":[{"href":"http:\/\/www.snepfsu-aix.net\/aix\/wp-json\/wp\/v2\/posts\/10384","targetHints":{"allow":["GET"]}}],"collection":[{"href":"http:\/\/www.snepfsu-aix.net\/aix\/wp-json\/wp\/v2\/posts"}],"about":[{"href":"http:\/\/www.snepfsu-aix.net\/aix\/wp-json\/wp\/v2\/types\/post"}],"author":[{"embeddable":true,"href":"http:\/\/www.snepfsu-aix.net\/aix\/wp-json\/wp\/v2\/users\/2"}],"replies":[{"embeddable":true,"href":"http:\/\/www.snepfsu-aix.net\/aix\/wp-json\/wp\/v2\/comments?post=10384"}],"version-history":[{"count":1,"href":"http:\/\/www.snepfsu-aix.net\/aix\/wp-json\/wp\/v2\/posts\/10384\/revisions"}],"predecessor-version":[{"id":10389,"href":"http:\/\/www.snepfsu-aix.net\/aix\/wp-json\/wp\/v2\/posts\/10384\/revisions\/10389"}],"wp:attachment":[{"href":"http:\/\/www.snepfsu-aix.net\/aix\/wp-json\/wp\/v2\/media?parent=10384"}],"wp:term":[{"taxonomy":"category","embeddable":true,"href":"http:\/\/www.snepfsu-aix.net\/aix\/wp-json\/wp\/v2\/categories?post=10384"},{"taxonomy":"post_tag","embeddable":true,"href":"http:\/\/www.snepfsu-aix.net\/aix\/wp-json\/wp\/v2\/tags?post=10384"}],"curies":[{"name":"wp","href":"https:\/\/api.w.org\/{rel}","templated":true}]}}