{"id":10227,"date":"2025-06-26T16:03:38","date_gmt":"2025-06-26T14:03:38","guid":{"rendered":"https:\/\/www.snepfsu-aix.net\/aix\/?p=10227"},"modified":"2025-07-04T15:24:04","modified_gmt":"2025-07-04T13:24:04","slug":"muselier-supprime-lepass-jeunes-as-en-danger","status":"publish","type":"post","link":"http:\/\/www.snepfsu-aix.net\/aix\/muselier-supprime-lepass-jeunes-as-en-danger\/","title":{"rendered":"Muselier supprime l&rsquo;ePASS jeunes: AS en danger!"},"content":{"rendered":"\n\n\n<p><img loading=\"lazy\" decoding=\"async\" class=\"\" src=\"http:\/\/www.snepfsu-aix.net\/aix\/wp-content\/uploads\/2025\/06\/Picture7.png\" alt=\"\" width=\"642\" height=\"292\" \/><\/p>\n<p>Cher(e)s coll\u00e8gues de Lyc\u00e9e,<br \/><br \/>Vous avez appris que l&rsquo;ePASS JEUNES de la r\u00e9gion sud ne serait pas reconduit \u00e0 la rentr\u00e9e. Cette d\u00e9cision politique est inacceptable. Les 20 euros octroy\u00e9s \u00e0 chaque lyc\u00e9en.ne.s\u00a0 par la R\u00e9gion sud permettaient de licencier \u00e0 l\u2019UNSS un plus grand nombre d\u2019\u00e9l\u00e8ves.<\/p>\n<p>\u00a0<\/p>\n<p>Les effets positifs de ce dispositif pour nos AS et la pratique sportive de nos lyc\u00e9en.ne.s \u00e9taient unanimement reconnus par tous : \u00e9l\u00e8ves, parents, enseignants, chefs d\u2019\u00e9tablissement.<br \/><br \/>En lieu et place, la R\u00e9gion Sud pr\u00e9voit d&rsquo;allouer des fonds pour financer des projets ayant trait aux sports de montagne.<br \/><br \/>Difficile de ne pas faire le lien avec la r\u00e9orientation des financements de notre R\u00e9gion vers le\u00a0seul objectif des prochains JO d&rsquo;hiver organis\u00e9s en France en 2030 se fait donc au d\u00e9triment de la d\u00e9mocratisation de la pratique sportive. L\u2019\u00e9lite et la communication plut\u00f4t qu\u2019une jeunesse massivement sportive et en bonne sant\u00e9\u00a0 !!<br \/><br \/>Le SNEP FSU va intervenir tr\u00e8s prochainement aupr\u00e8s de la R\u00e9gion pour demander le maintien de l&rsquo;ePASS JEUNES.<br \/><br \/><strong>Nous avons besoin de vous <\/strong>pour faire remonter vos chiffres (nombre d&rsquo;ePASS \/ nombre de licenci\u00e9.e.s \/ nombre d&rsquo;\u00e9l\u00e8ves du lyc\u00e9e) ainsi que les projets que vous avez pu mener \u00e0 bien gr\u00e2ce \u00e0 cette aide financi\u00e8re.<br \/>De plus, afin de constituer un dossier de presse vous pouvez ajouter des t\u00e9moignages d\u2019\u00e9l\u00e8ves, parents, proviseurs, &#8230; sur l\u2019apport de ce dispositif epass jeunes. Pour cela nous vous invitons \u00e0 remplir <a href=\"https:\/\/forms.gle\/1GGR6eGKdZcvY4QU8\">notre court questionnaire (4 questions) en cliquant ICI<\/a><\/p>\n<p><br \/>Merci de vos retours rapides afin que ces orientations politiques sportives r\u00e9gionales changent de cap \u00e0 la rentr\u00e9e en continuant \u00e0 soutenir financi\u00e8rement le sport scolaire: subventions UNSS et epass jeunes.<br \/><br \/><img loading=\"lazy\" decoding=\"async\" class=\"alignleft\" src=\"http:\/\/www.snepfsu-aix.net\/aix\/wp-content\/uploads\/2025\/07\/CP-SNEP-FSU-Aix-Marseille_Nice-juillet-2025.png\" alt=\"\" width=\"114\" height=\"161\" \/>Le SNEP FSU lance un large plan d\u2019action sur ce dossier, nous vous tiendrons au courant des actions futures et des avanc\u00e9es.\u00a0<\/p>\n<p>Lire notre <a href=\"http:\/\/www.snepfsu-aix.net\/aix\/wp-content\/uploads\/2025\/07\/CP-SNEP-FSU-Aix-Marseille_Nice-juillet-2025-vf.pdf\">COMMUNIQUE DE PRESSE DU 1er juillet 2025<\/a><\/p>\n<p>\u00a0<\/p>\n<p>\u00a0<\/p>\n<p>\u00a0<\/p>\n<p>SNEP FSU Aix Marseille<\/p>\n<p>SNEP FSU Nice<br \/>\u00a0<\/p>\n\n\n","protected":false},"excerpt":{"rendered":"<p>Cher(e)s coll\u00e8gues de Lyc\u00e9e, Vous avez appris que l&rsquo;ePASS JEUNES de la r\u00e9gion sud ne serait pas reconduit \u00e0 la<\/p>\n","protected":false},"author":2,"featured_media":0,"comment_status":"closed","ping_status":"open","sticky":false,"template":"","format":"standard","meta":{"footnotes":""},"categories":[1],"tags":[],"class_list":["post-10227","post","type-post","status-publish","format-standard","hentry","category-non-classe"],"_links":{"self":[{"href":"http:\/\/www.snepfsu-aix.net\/aix\/wp-json\/wp\/v2\/posts\/10227","targetHints":{"allow":["GET"]}}],"collection":[{"href":"http:\/\/www.snepfsu-aix.net\/aix\/wp-json\/wp\/v2\/posts"}],"about":[{"href":"http:\/\/www.snepfsu-aix.net\/aix\/wp-json\/wp\/v2\/types\/post"}],"author":[{"embeddable":true,"href":"http:\/\/www.snepfsu-aix.net\/aix\/wp-json\/wp\/v2\/users\/2"}],"replies":[{"embeddable":true,"href":"http:\/\/www.snepfsu-aix.net\/aix\/wp-json\/wp\/v2\/comments?post=10227"}],"version-history":[{"count":3,"href":"http:\/\/www.snepfsu-aix.net\/aix\/wp-json\/wp\/v2\/posts\/10227\/revisions"}],"predecessor-version":[{"id":10293,"href":"http:\/\/www.snepfsu-aix.net\/aix\/wp-json\/wp\/v2\/posts\/10227\/revisions\/10293"}],"wp:attachment":[{"href":"http:\/\/www.snepfsu-aix.net\/aix\/wp-json\/wp\/v2\/media?parent=10227"}],"wp:term":[{"taxonomy":"category","embeddable":true,"href":"http:\/\/www.snepfsu-aix.net\/aix\/wp-json\/wp\/v2\/categories?post=10227"},{"taxonomy":"post_tag","embeddable":true,"href":"http:\/\/www.snepfsu-aix.net\/aix\/wp-json\/wp\/v2\/tags?post=10227"}],"curies":[{"name":"wp","href":"https:\/\/api.w.org\/{rel}","templated":true}]}}